
{"id":22483,"date":"2025-06-15T14:59:02","date_gmt":"2025-06-15T12:59:02","guid":{"rendered":"https:\/\/cortelazzi.cz\/?p=22483"},"modified":"2025-06-24T22:07:20","modified_gmt":"2025-06-24T20:07:20","slug":"vikend-v-cortelazzi-oslava-pravych-italskych-testovin-v-praze-27-a-28-cervna","status":"publish","type":"post","link":"https:\/\/cortelazzi.cz\/cs\/vikend-v-cortelazzi-oslava-pravych-italskych-testovin-v-praze-27-a-28-cervna\/","title":{"rendered":"V\u00edkend v Cortelazzi: oslava prav\u00fdch italsk\u00fdch t\u011bstovin v Praze 27. a 28. \u010dervna"},"content":{"rendered":"\n<h1 class=\"wp-block-heading\">V\u00edkend v Cortelazzi: oslava prav\u00fdch italsk\u00fdch t\u011bstovin v Praze 27. a 28. \u010dervna<\/h1>\n\n\n\n<p>Mezi nejo\u010dek\u00e1van\u011bj\u0161\u00edmi gastronomick\u00fdmi akcemi tohoto l\u00e9ta v Praze se Cortelazziho v\u00edkend t\u011bstovin potvrdil jako nezapomenuteln\u00e1 ud\u00e1lost pro milovn\u00edky autentick\u00e9 italsk\u00e9 kuchyn\u011b. 27. a 28. \u010dervna otev\u00edr\u00e1 italsk\u00fd supermarket sv\u00e9 br\u00e1ny na dva dny, kter\u00e9 jsou v\u00fdhradn\u011b v\u011bnov\u00e1ny jednomu z nejobl\u00edben\u011bj\u0161\u00edch symbol\u016f italsk\u00e9 kulin\u00e1\u0159sk\u00e9 tradice: t\u011bstovin\u00e1m.<\/p>\n\n\n\n<p>Zvl\u00e1\u0161tn\u00ed p\u0159\u00edle\u017eitost k oslav\u011b italsk\u00e9 kvality, chuti a kultury, kter\u00e1 nab\u00edz\u00ed ka\u017ed\u00e9mu mo\u017enost objevit nov\u00e9 chut\u011b, vyu\u017e\u00edt exkluzivn\u00edch akc\u00ed a pro\u017e\u00edt pohlcuj\u00edc\u00ed z\u00e1\u017eitek ze sv\u011bta t\u011bstovin p\u0159\u00edmo v srdci Prahy.<\/p>\n\n\n\n<h2 class=\"wp-block-heading\"><strong>Dva dny chut\u00ed, objev\u016f a exkluzivn\u00edch akc\u00ed<\/strong><\/h2>\n\n\n\n<p>B\u011bhem Pasta Weekend se Cortelazzi prom\u011bn\u00ed ve skute\u010dn\u00fd festival chut\u00ed.<\/p>\n\n\n\n<ul class=\"wp-block-list\">\n<li><strong>Speci\u00e1ln\u00ed akce<\/strong>: p\u0159i koupi balen\u00ed t\u011bstovin Orogiallo z\u00edsk\u00e1te druh\u00e9 balen\u00ed zdarma. P\u0159\u00edle\u017eitost p\u0159in\u00e9st na st\u016fl italskou \u0159emeslnou tradici s vysoce kvalitn\u00edmi produkty.<\/li>\n\n\n\n<li><strong>Ochutn\u00e1vky v obchod\u011b<\/strong>: d\u00edky spolupr\u00e1ci s vynikaj\u00edc\u00edmi dodavateli budete moci ochutnat r\u016fzn\u00e9 recepty na t\u011bstoviny p\u0159ipraven\u00e9 s vybran\u00fdmi italsk\u00fdmi ko\u0159en\u00edm a dochucovadly. Chv\u00edle k objevov\u00e1n\u00ed nov\u00fdch kombinac\u00ed a inspiraci pro va\u0161e dom\u00e1c\u00ed pokrmy.<\/li>\n\n\n\n<li><strong>Poradenstv\u00ed a recepty<\/strong>: n\u00e1\u0161 person\u00e1l v\u00e1m bude k dispozici, aby v\u00e1m poradil s perfektn\u00edm va\u0159en\u00edm, navrhl kreativn\u00ed n\u00e1pady na om\u00e1\u010dky a kombinace a pomohl v\u00e1m vybrat nejvhodn\u011bj\u0161\u00ed tvar t\u011bstovin pro ka\u017edou p\u0159\u00edle\u017eitost.<\/li>\n<\/ul>\n\n\n\n<h3 class=\"wp-block-heading\"><strong>Italsk\u00e9 t\u011bstoviny: D\u011bdictv\u00ed kvality, v\u00e1\u0161n\u011b a tradice<\/strong><\/h3>\n\n\n\n<p>V It\u00e1lii jsou t\u011bstoviny mnohem v\u00edc ne\u017e jen j\u00eddlo: je to kulturn\u00ed d\u011bdictv\u00ed, kter\u00e9 vypr\u00e1v\u00ed p\u0159\u00edb\u011bhy \u00fazem\u00ed, rodin a tradic. V Cortelazzi chceme toto d\u011bdictv\u00ed uct\u00edt a nab\u00edz\u00edme v\u00fdb\u011br t\u011bstovin vyroben\u00fdch z nejkvalitn\u011bj\u0161\u00ed krupice z tvrd\u00e9 p\u0161enice, ta\u017een\u00fdch v bronzu a pomalu su\u0161en\u00fdch, aby si zachovaly sv\u00e9 aroma a konzistenci.<\/p>\n\n\n\n<p>Zna\u010dka Orogiallo, protagonista t\u00e9to propagace, zt\u011bles\u0148uje italskou dokonalost ve sv\u011bt\u011b t\u011bstovin: origin\u00e1ln\u00ed, jednoduch\u00fd produkt vyroben\u00fd tradi\u010dn\u00edmi metodami, kter\u00e9 vylep\u0161uj\u00ed surovinu.<\/p>\n\n\n\n<h3 class=\"wp-block-heading\"><strong>Cortelazzi, italsk\u00fd supermarket v Praze, kter\u00fd vdechuje It\u00e1lii \u017eivot<\/strong><\/h3>\n\n\n\n<p>D\u00edky akc\u00edm, jako je Pasta Weekend, nab\u00edz\u00ed Cortelazzi mnohem v\u00edc ne\u017e jen n\u00e1kupn\u00ed z\u00e1\u017eitek: vytv\u00e1\u0159\u00ed kulturn\u00ed a gastronomick\u00fd most mezi It\u00e1li\u00ed a m\u00edstn\u00ed komunitou. Cortelazzi je referen\u010dn\u00edm bodem pro ty, kte\u0159\u00ed hledaj\u00ed autentick\u00e9 italsk\u00e9 t\u011bstoviny v Praze, ale tak\u00e9 pro ty, kte\u0159\u00ed se cht\u011bj\u00ed z\u00fa\u010dastnit akc\u00ed, kter\u00e9 spojuj\u00ed chut\u011b, tradice a p\u0159\u00e1telskou atmosf\u00e9ru v v\u0159el\u00e9 a rodinn\u00e9 atmosf\u00e9\u0159e.<\/p>\n\n\n\n<p>Na\u0161\u00edm z\u00e1vazkem je vn\u00e9st kousek It\u00e1lie do ka\u017edodenn\u00edho \u017eivota na\u0161ich z\u00e1kazn\u00edk\u016f prost\u0159ednictv\u00edm vybran\u00fdch produkt\u016f a specializovan\u00fdch iniciativ.<\/p>\n\n\n\n<h3 class=\"wp-block-heading\"><strong>T\u011b\u0161\u00edme se na v\u00e1s, abychom spole\u010dn\u011b oslavili V\u00edkend t\u011bstovin<\/strong><\/h3>\n\n\n\n<p>Poznamenejte si 27. a 28. \u010dervna do sv\u00e9ho di\u00e1\u0159e a nav\u0161tivte n\u00e1s v na\u0161\u00ed prodejn\u011b. S ochutn\u00e1vkami, propaga\u010dn\u00edmi akcemi, kulin\u00e1\u0159sk\u00fdmi radami a v\u0159elost\u00ed italsk\u00e9 pohostinnosti bude Cortelazziho v\u00edkend t\u011bstovin ud\u00e1lost\u00ed, kterou za\u017eijete\u2026 s chut\u00ed!<\/p>\n\n\n\n<p>Cortelazzi \u2013 V\u00e1\u0161 italsk\u00fd supermarket v Praze<br>Sledujte n\u00e1s na na\u0161ich soci\u00e1ln\u00edch s\u00edt\u00edch a dozv\u00edte se v\u0161echny nejnov\u011bj\u0161\u00ed zpr\u00e1vy:<\/p>\n\n\n\n<p>Sledujte n\u00e1s na na\u0161ich soci\u00e1ln\u00edch s\u00edt\u00edch, abyste o nic nep\u0159i\u0161li:<\/p>\n\n\n\n<p><a href=\"https:\/\/www.facebook.com\/cortelazzi.prague\">Facebook<\/a><br><a href=\"https:\/\/www.instagram.com\/cortelazzi.prague\/\">Instagram<\/a><\/p>\n","protected":false},"excerpt":{"rendered":"<p>Mezi nejo\u010dek\u00e1van\u011bj\u0161\u00edmi gastronomick\u00fdmi akcemi tohoto l\u00e9ta v Praze se Cortelazziho v\u00edkend t\u011bstovin potvrzuje jako nezapomenuteln\u00e1 ud\u00e1lost pro milovn\u00edky autentick\u00e9 italsk\u00e9 kuchyn\u011b.<\/p>\n","protected":false},"author":1,"featured_media":22691,"comment_status":"closed","ping_status":"closed","sticky":false,"template":"","format":"standard","meta":{"inline_featured_image":false,"_jetpack_memberships_contains_paid_content":false,"footnotes":"","_links_to":"","_links_to_target":""},"categories":[297],"tags":[],"class_list":["post-22483","post","type-post","status-publish","format-standard","has-post-thumbnail","hentry","category-news-cs"],"yoast_head":"<!-- This site is optimized with the Yoast SEO plugin v27.5 - https:\/\/yoast.com\/product\/yoast-seo-wordpress\/ -->\n<title>V\u00edkend v Cortelazzi: v Praze 27. a 28. \u010dervna | Cortelazzi<\/title>\n<meta name=\"description\" content=\"Mezi nejo\u010dek\u00e1van\u011bj\u0161\u00edmi gastronomick\u00fdmi akcemi tohoto l\u00e9ta v Praze se Cortelazziho v\u00edkend t\u011bstovin potvrzuje jako nezapomenuteln\u00e1 ud\u00e1lost pro milovn\u00edky autentick\u00e9 italsk\u00e9 kuchyn\u011b.\" \/>\n<meta name=\"robots\" content=\"index, follow, max-snippet:-1, max-image-preview:large, max-video-preview:-1\" \/>\n<link rel=\"canonical\" href=\"https:\/\/cortelazzi.cz\/weekend-da-cortelazzi-il-27-e-28-giugno-a-praga-una-festa-dedicata-alla-vera-pasta-italiana\/\" \/>\n<meta property=\"og:locale\" content=\"cs_CZ\" \/>\n<meta property=\"og:type\" content=\"article\" \/>\n<meta property=\"og:title\" content=\"V\u00edkend v Cortelazzi: v Praze 27. a 28. \u010dervna | Cortelazzi\" \/>\n<meta property=\"og:description\" content=\"Mezi nejo\u010dek\u00e1van\u011bj\u0161\u00edmi gastronomick\u00fdmi akcemi tohoto l\u00e9ta v Praze se Cortelazziho v\u00edkend t\u011bstovin potvrzuje jako nezapomenuteln\u00e1 ud\u00e1lost pro milovn\u00edky autentick\u00e9 italsk\u00e9 kuchyn\u011b.\" \/>\n<meta property=\"og:url\" content=\"https:\/\/cortelazzi.cz\/weekend-da-cortelazzi-il-27-e-28-giugno-a-praga-una-festa-dedicata-alla-vera-pasta-italiana\/\" \/>\n<meta property=\"og:site_name\" content=\"Cortelazzi\" \/>\n<meta property=\"article:published_time\" content=\"2025-06-15T12:59:02+00:00\" \/>\n<meta property=\"article:modified_time\" content=\"2025-06-24T20:07:20+00:00\" \/>\n<meta property=\"og:image\" content=\"https:\/\/cortelazzi.cz\/wp-content\/uploads\/2025\/06\/Weekend-da-Cortelazzi-news-giugno.png\" \/>\n\t<meta property=\"og:image:width\" content=\"800\" \/>\n\t<meta property=\"og:image:height\" content=\"527\" \/>\n\t<meta property=\"og:image:type\" content=\"image\/png\" \/>\n<meta name=\"author\" content=\"creativart\" \/>\n<meta name=\"twitter:card\" content=\"summary_large_image\" \/>\n<meta name=\"twitter:label1\" content=\"Napsal(a)\" \/>\n\t<meta name=\"twitter:data1\" content=\"creativart\" \/>\n\t<meta name=\"twitter:label2\" content=\"Odhadovan\u00e1 doba \u010dten\u00ed\" \/>\n\t<meta name=\"twitter:data2\" content=\"3 minuty\" \/>\n<script type=\"application\/ld+json\" class=\"yoast-schema-graph\">{\"@context\":\"https:\\\/\\\/schema.org\",\"@graph\":[{\"@type\":\"Article\",\"@id\":\"https:\\\/\\\/cortelazzi.cz\\\/weekend-da-cortelazzi-il-27-e-28-giugno-a-praga-una-festa-dedicata-alla-vera-pasta-italiana\\\/#article\",\"isPartOf\":{\"@id\":\"https:\\\/\\\/cortelazzi.cz\\\/weekend-da-cortelazzi-il-27-e-28-giugno-a-praga-una-festa-dedicata-alla-vera-pasta-italiana\\\/\"},\"author\":{\"name\":\"creativart\",\"@id\":\"https:\\\/\\\/cortelazzi.cz\\\/#\\\/schema\\\/person\\\/55627b6d7c4bafce414646985165f0b3\"},\"headline\":\"V\u00edkend v Cortelazzi: oslava prav\u00fdch italsk\u00fdch t\u011bstovin v Praze 27. a 28. \u010dervna\",\"datePublished\":\"2025-06-15T12:59:02+00:00\",\"dateModified\":\"2025-06-24T20:07:20+00:00\",\"mainEntityOfPage\":{\"@id\":\"https:\\\/\\\/cortelazzi.cz\\\/weekend-da-cortelazzi-il-27-e-28-giugno-a-praga-una-festa-dedicata-alla-vera-pasta-italiana\\\/\"},\"wordCount\":623,\"image\":{\"@id\":\"https:\\\/\\\/cortelazzi.cz\\\/weekend-da-cortelazzi-il-27-e-28-giugno-a-praga-una-festa-dedicata-alla-vera-pasta-italiana\\\/#primaryimage\"},\"thumbnailUrl\":\"https:\\\/\\\/cortelazzi.cz\\\/wp-content\\\/uploads\\\/2025\\\/06\\\/Weekend-da-Cortelazzi-news-giugno.png\",\"articleSection\":[\"News\"],\"inLanguage\":\"cs\"},{\"@type\":\"WebPage\",\"@id\":\"https:\\\/\\\/cortelazzi.cz\\\/weekend-da-cortelazzi-il-27-e-28-giugno-a-praga-una-festa-dedicata-alla-vera-pasta-italiana\\\/\",\"url\":\"https:\\\/\\\/cortelazzi.cz\\\/weekend-da-cortelazzi-il-27-e-28-giugno-a-praga-una-festa-dedicata-alla-vera-pasta-italiana\\\/\",\"name\":\"V\u00edkend v Cortelazzi: v Praze 27. a 28. \u010dervna | Cortelazzi\",\"isPartOf\":{\"@id\":\"https:\\\/\\\/cortelazzi.cz\\\/#website\"},\"primaryImageOfPage\":{\"@id\":\"https:\\\/\\\/cortelazzi.cz\\\/weekend-da-cortelazzi-il-27-e-28-giugno-a-praga-una-festa-dedicata-alla-vera-pasta-italiana\\\/#primaryimage\"},\"image\":{\"@id\":\"https:\\\/\\\/cortelazzi.cz\\\/weekend-da-cortelazzi-il-27-e-28-giugno-a-praga-una-festa-dedicata-alla-vera-pasta-italiana\\\/#primaryimage\"},\"thumbnailUrl\":\"https:\\\/\\\/cortelazzi.cz\\\/wp-content\\\/uploads\\\/2025\\\/06\\\/Weekend-da-Cortelazzi-news-giugno.png\",\"datePublished\":\"2025-06-15T12:59:02+00:00\",\"dateModified\":\"2025-06-24T20:07:20+00:00\",\"author\":{\"@id\":\"https:\\\/\\\/cortelazzi.cz\\\/#\\\/schema\\\/person\\\/55627b6d7c4bafce414646985165f0b3\"},\"description\":\"Mezi nejo\u010dek\u00e1van\u011bj\u0161\u00edmi gastronomick\u00fdmi akcemi tohoto l\u00e9ta v Praze se Cortelazziho v\u00edkend t\u011bstovin potvrzuje jako nezapomenuteln\u00e1 ud\u00e1lost pro milovn\u00edky autentick\u00e9 italsk\u00e9 kuchyn\u011b.\",\"breadcrumb\":{\"@id\":\"https:\\\/\\\/cortelazzi.cz\\\/weekend-da-cortelazzi-il-27-e-28-giugno-a-praga-una-festa-dedicata-alla-vera-pasta-italiana\\\/#breadcrumb\"},\"inLanguage\":\"cs\",\"potentialAction\":[{\"@type\":\"ReadAction\",\"target\":[\"https:\\\/\\\/cortelazzi.cz\\\/weekend-da-cortelazzi-il-27-e-28-giugno-a-praga-una-festa-dedicata-alla-vera-pasta-italiana\\\/\"]}]},{\"@type\":\"ImageObject\",\"inLanguage\":\"cs\",\"@id\":\"https:\\\/\\\/cortelazzi.cz\\\/weekend-da-cortelazzi-il-27-e-28-giugno-a-praga-una-festa-dedicata-alla-vera-pasta-italiana\\\/#primaryimage\",\"url\":\"https:\\\/\\\/cortelazzi.cz\\\/wp-content\\\/uploads\\\/2025\\\/06\\\/Weekend-da-Cortelazzi-news-giugno.png\",\"contentUrl\":\"https:\\\/\\\/cortelazzi.cz\\\/wp-content\\\/uploads\\\/2025\\\/06\\\/Weekend-da-Cortelazzi-news-giugno.png\",\"width\":800,\"height\":527,\"caption\":\"Weekend da Cortelazzi news giugno\"},{\"@type\":\"BreadcrumbList\",\"@id\":\"https:\\\/\\\/cortelazzi.cz\\\/weekend-da-cortelazzi-il-27-e-28-giugno-a-praga-una-festa-dedicata-alla-vera-pasta-italiana\\\/#breadcrumb\",\"itemListElement\":[{\"@type\":\"ListItem\",\"position\":1,\"name\":\"Home\",\"item\":\"https:\\\/\\\/cortelazzi.cz\\\/cs\\\/\"},{\"@type\":\"ListItem\",\"position\":2,\"name\":\"V\u00edkend v Cortelazzi: oslava prav\u00fdch italsk\u00fdch t\u011bstovin v Praze 27. a 28. \u010dervna\"}]},{\"@type\":\"WebSite\",\"@id\":\"https:\\\/\\\/cortelazzi.cz\\\/#website\",\"url\":\"https:\\\/\\\/cortelazzi.cz\\\/\",\"name\":\"Cortelazzi\",\"description\":\"Food service\",\"potentialAction\":[{\"@type\":\"SearchAction\",\"target\":{\"@type\":\"EntryPoint\",\"urlTemplate\":\"https:\\\/\\\/cortelazzi.cz\\\/?s={search_term_string}\"},\"query-input\":{\"@type\":\"PropertyValueSpecification\",\"valueRequired\":true,\"valueName\":\"search_term_string\"}}],\"inLanguage\":\"cs\"},{\"@type\":\"Person\",\"@id\":\"https:\\\/\\\/cortelazzi.cz\\\/#\\\/schema\\\/person\\\/55627b6d7c4bafce414646985165f0b3\",\"name\":\"creativart\",\"image\":{\"@type\":\"ImageObject\",\"inLanguage\":\"cs\",\"@id\":\"https:\\\/\\\/secure.gravatar.com\\\/avatar\\\/75acd4aacb5b25d963dbd1242c684774ca8b2d624816b849d6435b8d67df8998?s=96&d=mm&r=g\",\"url\":\"https:\\\/\\\/secure.gravatar.com\\\/avatar\\\/75acd4aacb5b25d963dbd1242c684774ca8b2d624816b849d6435b8d67df8998?s=96&d=mm&r=g\",\"contentUrl\":\"https:\\\/\\\/secure.gravatar.com\\\/avatar\\\/75acd4aacb5b25d963dbd1242c684774ca8b2d624816b849d6435b8d67df8998?s=96&d=mm&r=g\",\"caption\":\"creativart\"},\"sameAs\":[\"https:\\\/\\\/www.creativart.cloud\\\/cortelazzi\"],\"url\":\"https:\\\/\\\/cortelazzi.cz\\\/cs\\\/author\\\/creativart\\\/\"}]}<\/script>\n<!-- \/ Yoast SEO plugin. -->","yoast_head_json":{"title":"V\u00edkend v Cortelazzi: v Praze 27. a 28. \u010dervna | Cortelazzi","description":"Mezi nejo\u010dek\u00e1van\u011bj\u0161\u00edmi gastronomick\u00fdmi akcemi tohoto l\u00e9ta v Praze se Cortelazziho v\u00edkend t\u011bstovin potvrzuje jako nezapomenuteln\u00e1 ud\u00e1lost pro milovn\u00edky autentick\u00e9 italsk\u00e9 kuchyn\u011b.","robots":{"index":"index","follow":"follow","max-snippet":"max-snippet:-1","max-image-preview":"max-image-preview:large","max-video-preview":"max-video-preview:-1"},"canonical":"https:\/\/cortelazzi.cz\/weekend-da-cortelazzi-il-27-e-28-giugno-a-praga-una-festa-dedicata-alla-vera-pasta-italiana\/","og_locale":"cs_CZ","og_type":"article","og_title":"V\u00edkend v Cortelazzi: v Praze 27. a 28. \u010dervna | Cortelazzi","og_description":"Mezi nejo\u010dek\u00e1van\u011bj\u0161\u00edmi gastronomick\u00fdmi akcemi tohoto l\u00e9ta v Praze se Cortelazziho v\u00edkend t\u011bstovin potvrzuje jako nezapomenuteln\u00e1 ud\u00e1lost pro milovn\u00edky autentick\u00e9 italsk\u00e9 kuchyn\u011b.","og_url":"https:\/\/cortelazzi.cz\/weekend-da-cortelazzi-il-27-e-28-giugno-a-praga-una-festa-dedicata-alla-vera-pasta-italiana\/","og_site_name":"Cortelazzi","article_published_time":"2025-06-15T12:59:02+00:00","article_modified_time":"2025-06-24T20:07:20+00:00","og_image":[{"width":800,"height":527,"url":"https:\/\/cortelazzi.cz\/wp-content\/uploads\/2025\/06\/Weekend-da-Cortelazzi-news-giugno.png","type":"image\/png"}],"author":"creativart","twitter_card":"summary_large_image","twitter_misc":{"Napsal(a)":"creativart","Odhadovan\u00e1 doba \u010dten\u00ed":"3 minuty"},"schema":{"@context":"https:\/\/schema.org","@graph":[{"@type":"Article","@id":"https:\/\/cortelazzi.cz\/weekend-da-cortelazzi-il-27-e-28-giugno-a-praga-una-festa-dedicata-alla-vera-pasta-italiana\/#article","isPartOf":{"@id":"https:\/\/cortelazzi.cz\/weekend-da-cortelazzi-il-27-e-28-giugno-a-praga-una-festa-dedicata-alla-vera-pasta-italiana\/"},"author":{"name":"creativart","@id":"https:\/\/cortelazzi.cz\/#\/schema\/person\/55627b6d7c4bafce414646985165f0b3"},"headline":"V\u00edkend v Cortelazzi: oslava prav\u00fdch italsk\u00fdch t\u011bstovin v Praze 27. a 28. \u010dervna","datePublished":"2025-06-15T12:59:02+00:00","dateModified":"2025-06-24T20:07:20+00:00","mainEntityOfPage":{"@id":"https:\/\/cortelazzi.cz\/weekend-da-cortelazzi-il-27-e-28-giugno-a-praga-una-festa-dedicata-alla-vera-pasta-italiana\/"},"wordCount":623,"image":{"@id":"https:\/\/cortelazzi.cz\/weekend-da-cortelazzi-il-27-e-28-giugno-a-praga-una-festa-dedicata-alla-vera-pasta-italiana\/#primaryimage"},"thumbnailUrl":"https:\/\/cortelazzi.cz\/wp-content\/uploads\/2025\/06\/Weekend-da-Cortelazzi-news-giugno.png","articleSection":["News"],"inLanguage":"cs"},{"@type":"WebPage","@id":"https:\/\/cortelazzi.cz\/weekend-da-cortelazzi-il-27-e-28-giugno-a-praga-una-festa-dedicata-alla-vera-pasta-italiana\/","url":"https:\/\/cortelazzi.cz\/weekend-da-cortelazzi-il-27-e-28-giugno-a-praga-una-festa-dedicata-alla-vera-pasta-italiana\/","name":"V\u00edkend v Cortelazzi: v Praze 27. a 28. \u010dervna | Cortelazzi","isPartOf":{"@id":"https:\/\/cortelazzi.cz\/#website"},"primaryImageOfPage":{"@id":"https:\/\/cortelazzi.cz\/weekend-da-cortelazzi-il-27-e-28-giugno-a-praga-una-festa-dedicata-alla-vera-pasta-italiana\/#primaryimage"},"image":{"@id":"https:\/\/cortelazzi.cz\/weekend-da-cortelazzi-il-27-e-28-giugno-a-praga-una-festa-dedicata-alla-vera-pasta-italiana\/#primaryimage"},"thumbnailUrl":"https:\/\/cortelazzi.cz\/wp-content\/uploads\/2025\/06\/Weekend-da-Cortelazzi-news-giugno.png","datePublished":"2025-06-15T12:59:02+00:00","dateModified":"2025-06-24T20:07:20+00:00","author":{"@id":"https:\/\/cortelazzi.cz\/#\/schema\/person\/55627b6d7c4bafce414646985165f0b3"},"description":"Mezi nejo\u010dek\u00e1van\u011bj\u0161\u00edmi gastronomick\u00fdmi akcemi tohoto l\u00e9ta v Praze se Cortelazziho v\u00edkend t\u011bstovin potvrzuje jako nezapomenuteln\u00e1 ud\u00e1lost pro milovn\u00edky autentick\u00e9 italsk\u00e9 kuchyn\u011b.","breadcrumb":{"@id":"https:\/\/cortelazzi.cz\/weekend-da-cortelazzi-il-27-e-28-giugno-a-praga-una-festa-dedicata-alla-vera-pasta-italiana\/#breadcrumb"},"inLanguage":"cs","potentialAction":[{"@type":"ReadAction","target":["https:\/\/cortelazzi.cz\/weekend-da-cortelazzi-il-27-e-28-giugno-a-praga-una-festa-dedicata-alla-vera-pasta-italiana\/"]}]},{"@type":"ImageObject","inLanguage":"cs","@id":"https:\/\/cortelazzi.cz\/weekend-da-cortelazzi-il-27-e-28-giugno-a-praga-una-festa-dedicata-alla-vera-pasta-italiana\/#primaryimage","url":"https:\/\/cortelazzi.cz\/wp-content\/uploads\/2025\/06\/Weekend-da-Cortelazzi-news-giugno.png","contentUrl":"https:\/\/cortelazzi.cz\/wp-content\/uploads\/2025\/06\/Weekend-da-Cortelazzi-news-giugno.png","width":800,"height":527,"caption":"Weekend da Cortelazzi news giugno"},{"@type":"BreadcrumbList","@id":"https:\/\/cortelazzi.cz\/weekend-da-cortelazzi-il-27-e-28-giugno-a-praga-una-festa-dedicata-alla-vera-pasta-italiana\/#breadcrumb","itemListElement":[{"@type":"ListItem","position":1,"name":"Home","item":"https:\/\/cortelazzi.cz\/cs\/"},{"@type":"ListItem","position":2,"name":"V\u00edkend v Cortelazzi: oslava prav\u00fdch italsk\u00fdch t\u011bstovin v Praze 27. a 28. \u010dervna"}]},{"@type":"WebSite","@id":"https:\/\/cortelazzi.cz\/#website","url":"https:\/\/cortelazzi.cz\/","name":"Cortelazzi","description":"Food service","potentialAction":[{"@type":"SearchAction","target":{"@type":"EntryPoint","urlTemplate":"https:\/\/cortelazzi.cz\/?s={search_term_string}"},"query-input":{"@type":"PropertyValueSpecification","valueRequired":true,"valueName":"search_term_string"}}],"inLanguage":"cs"},{"@type":"Person","@id":"https:\/\/cortelazzi.cz\/#\/schema\/person\/55627b6d7c4bafce414646985165f0b3","name":"creativart","image":{"@type":"ImageObject","inLanguage":"cs","@id":"https:\/\/secure.gravatar.com\/avatar\/75acd4aacb5b25d963dbd1242c684774ca8b2d624816b849d6435b8d67df8998?s=96&d=mm&r=g","url":"https:\/\/secure.gravatar.com\/avatar\/75acd4aacb5b25d963dbd1242c684774ca8b2d624816b849d6435b8d67df8998?s=96&d=mm&r=g","contentUrl":"https:\/\/secure.gravatar.com\/avatar\/75acd4aacb5b25d963dbd1242c684774ca8b2d624816b849d6435b8d67df8998?s=96&d=mm&r=g","caption":"creativart"},"sameAs":["https:\/\/www.creativart.cloud\/cortelazzi"],"url":"https:\/\/cortelazzi.cz\/cs\/author\/creativart\/"}]}},"jetpack_featured_media_url":"https:\/\/cortelazzi.cz\/wp-content\/uploads\/2025\/06\/Weekend-da-Cortelazzi-news-giugno.png","jetpack_sharing_enabled":true,"_links":{"self":[{"href":"https:\/\/cortelazzi.cz\/cs\/wp-json\/wp\/v2\/posts\/22483","targetHints":{"allow":["GET"]}}],"collection":[{"href":"https:\/\/cortelazzi.cz\/cs\/wp-json\/wp\/v2\/posts"}],"about":[{"href":"https:\/\/cortelazzi.cz\/cs\/wp-json\/wp\/v2\/types\/post"}],"author":[{"embeddable":true,"href":"https:\/\/cortelazzi.cz\/cs\/wp-json\/wp\/v2\/users\/1"}],"replies":[{"embeddable":true,"href":"https:\/\/cortelazzi.cz\/cs\/wp-json\/wp\/v2\/comments?post=22483"}],"version-history":[{"count":3,"href":"https:\/\/cortelazzi.cz\/cs\/wp-json\/wp\/v2\/posts\/22483\/revisions"}],"predecessor-version":[{"id":22771,"href":"https:\/\/cortelazzi.cz\/cs\/wp-json\/wp\/v2\/posts\/22483\/revisions\/22771"}],"wp:featuredmedia":[{"embeddable":true,"href":"https:\/\/cortelazzi.cz\/cs\/wp-json\/wp\/v2\/media\/22691"}],"wp:attachment":[{"href":"https:\/\/cortelazzi.cz\/cs\/wp-json\/wp\/v2\/media?parent=22483"}],"wp:term":[{"taxonomy":"category","embeddable":true,"href":"https:\/\/cortelazzi.cz\/cs\/wp-json\/wp\/v2\/categories?post=22483"},{"taxonomy":"post_tag","embeddable":true,"href":"https:\/\/cortelazzi.cz\/cs\/wp-json\/wp\/v2\/tags?post=22483"}],"curies":[{"name":"wp","href":"https:\/\/api.w.org\/{rel}","templated":true}]}}