
{"id":22491,"date":"2025-04-24T15:02:27","date_gmt":"2025-04-24T13:02:27","guid":{"rendered":"https:\/\/cortelazzi.cz\/?p=22491"},"modified":"2025-06-24T22:17:59","modified_gmt":"2025-06-24T20:17:59","slug":"cortelazzi-e-crai-nuova-partnership-strategica-per-portare-leccellenza-italiana-in-europa-dellest","status":"publish","type":"post","link":"https:\/\/cortelazzi.cz\/cs\/cortelazzi-e-crai-nuova-partnership-strategica-per-portare-leccellenza-italiana-in-europa-dellest\/","title":{"rendered":"Cortelazzi a Crai: nov\u00e9 strategick\u00e9 partnerstv\u00ed, kter\u00e9 p\u0159inese italskou excelenci do v\u00fdchodn\u00ed Evropy"},"content":{"rendered":"\n<h1 class=\"wp-block-heading\">Cortelazzi a Crai: nov\u00e9 strategick\u00e9 partnerstv\u00ed, kter\u00e9 p\u0159inese italskou excelenci do v\u00fdchodn\u00ed Evropy<\/h1>\n\n\n\n<p>Spole\u010dnost Cortelazzi, p\u0159edn\u00ed distributor italsk\u00fdch potravin\u00e1\u0159sk\u00fdch v\u00fdrobk\u016f ve v\u00fdchodn\u00ed Evrop\u011b, podepsala partnerstv\u00ed se zna\u010dkou Crai, historickou italskou zna\u010dkou, s c\u00edlem pos\u00edlit p\u0159\u00edtomnost priv\u00e1tn\u00edch zna\u010dek Crai \u2013 Cuore dell\u2019Isola, La Rosa dei Gusti, Crai a Piaceri Italiani \u2013 na trz\u00edch \u010cesk\u00e9 republiky, Slovenska a Ma\u010farska. Tato dohoda spojuje dv\u011b spole\u010dnosti s v\u00edce ne\u017e 30 lety zku\u0161enost\u00ed v tomto odv\u011btv\u00ed s c\u00edlem pos\u00edlit tradici a kvalitu produkt\u016f Made in Italy ve strategick\u00fdch oblastech.<\/p>\n\n\n\n<h2 class=\"wp-block-heading\"><strong>Aliance pro roz\u0161\u00ed\u0159en\u00ed italsk\u00e9ho vkusu na zahrani\u010dn\u00edch trz\u00edch<\/strong><\/h2>\n\n\n\n<p>D\u00edky t\u00e9to spolupr\u00e1ci budou produkty zna\u010dky Crai distribuov\u00e1ny prost\u0159ednictv\u00edm rozv\u011btven\u00e9 s\u00edt\u011b Cortelazzi, kter\u00e1 se py\u0161n\u00ed hlubok\u00fdmi znalostmi mezin\u00e1rodn\u00edch trh\u016f a v pr\u016fb\u011bhu \u010dasu konsolidovanou solidn\u00ed distribu\u010dn\u00ed s\u00edt\u00ed. Produkty budou um\u00edst\u011bny v exkluzivn\u00edch prostor\u00e1ch v prodejn\u00e1ch Cortelazzi s inovativn\u00edmi \u0159e\u0161en\u00edmi pro vystaven\u00ed a speci\u00e1ln\u00edmi kryty, kter\u00e9 zv\u00fd\u0161\u00ed jejich hodnotu a kvalitu a vytvo\u0159\u00ed pro spot\u0159ebitele poutav\u00fd a jedine\u010dn\u00fd z\u00e1\u017eitek z nakupov\u00e1n\u00ed.<\/p>\n\n\n\n<h3 class=\"wp-block-heading\"><strong>V\u00edcekan\u00e1lov\u00e1 komunikace pro pos\u00edlen\u00ed produkt\u016f Made in Italy<\/strong><\/h3>\n\n\n\n<p>Pro podporu distribuce vytvo\u0159ili Crai a Cortelazzi detailn\u00ed v\u00edcekan\u00e1lov\u00fd komunika\u010dn\u00ed pl\u00e1n, kter\u00fd zahrnuje vysoce \u00fa\u010dinn\u00e9 venkovn\u00ed kampan\u011b, billboardy ve velk\u00fdch m\u011bstech, rozhlasov\u00e9 spoty, rozs\u00e1hlou distribuci let\u00e1k\u016f a intenzivn\u00ed digit\u00e1ln\u00ed aktivity. B\u011bhem v\u00e1no\u010dn\u00edho obdob\u00ed bude zna\u010dka protagonistou exkluzivn\u00edch do\u010dasn\u00fdch prodejen v Praze a Bratislav\u011b a nab\u00eddne spot\u0159ebitel\u016fm pohlcuj\u00edc\u00ed z\u00e1\u017eitek, d\u00edky kter\u00e9mu zbl\u00edzka objev\u00ed kvalitu a autenticitu specialit Crai.<\/p>\n\n\n\n<p>N\u011bkter\u00e9 vybran\u00e9 reference se nav\u00edc stanou sou\u010d\u00e1st\u00ed v\u011brnostn\u00edho <a href=\"https:\/\/cortelazzi.cz\/cs\/fidelity-card\/\">programu Cortelazzi<\/a>, kter\u00fd bude podporovat testov\u00e1n\u00ed a v\u011brnost nov\u00e9 \u0159ady.<\/p>\n\n\n\n<h4 class=\"wp-block-heading\">Spole\u010dn\u00fd z\u00e1vazek k propagaci italsk\u00e9 gastronomick\u00e9 kultury<\/h4>\n\n\n\n<p>\u201ePartnerstv\u00ed se spole\u010dnost\u00ed Cortelazzi p\u0159edstavuje p\u0159irozen\u00fd krok v expanzn\u00ed strategii skupiny Crai,\u201c \u0159\u00edk\u00e1 Giangiacomo Ibba, gener\u00e1ln\u00ed \u0159editel spole\u010dnosti Crai. \u201eNa\u0161li jsme partnera, kter\u00fd sd\u00edl\u00ed na\u0161e hodnoty kvality, autenticity a l\u00e1sky k dan\u00e9mu \u00fazem\u00ed se stejnou v\u00e1\u0161n\u00ed pro propagaci italsk\u00e9 gastronomick\u00e9 kultury. D\u00edky t\u00e9to spolupr\u00e1ci p\u0159in\u00e1\u0161\u00edme excelenci na\u0161\u00ed priv\u00e1tn\u00ed zna\u010dky na nov\u00e9 trhy a posilujeme pouto se spot\u0159ebiteli, kte\u0159\u00ed ji\u017e oce\u0148uj\u00ed tradici a um\u011bn\u00ed dobr\u00e9ho italsk\u00e9ho j\u00eddla.\u201c<\/p>\n\n\n\n<p>Ernando Cortelazzi, prezident spole\u010dnosti Max Food \u2013 Cortelazzi, zd\u016fraz\u0148uje: \u201eProdukty zna\u010dky Crai dokonale reprezentuj\u00ed podstatu v\u00fdzkumu, tradice a italsk\u00e9 dokonalosti, kterou se ve v\u00fdchodn\u00ed Evrop\u011b sna\u017e\u00edme propagovat ji\u017e po desetilet\u00ed. Tato spolupr\u00e1ce potvrzuje na\u0161i roli jako\u017eto referen\u010dn\u00edho bodu pro italsk\u00fd potravin\u00e1\u0159sk\u00fd sektor v tomto regionu a nab\u00edz\u00ed spot\u0159ebitel\u016fm produkty nejvy\u0161\u0161\u00ed kvality a jedine\u010dn\u00fd z\u00e1\u017eitek z n\u00e1kupu.\u201c<\/p>\n\n\n\n<p>Sledujte n\u00e1s na soci\u00e1ln\u00edch s\u00edt\u00edch, abyste v\u00e1m neunikly \u017e\u00e1dn\u00e9 novinky:<\/p>\n\n\n\n<p><a href=\"https:\/\/www.facebook.com\/cortelazzi.prague\">Facebook<\/a><br><a href=\"https:\/\/www.instagram.com\/cortelazzi.prague\/\">Instagram<\/a><\/p>\n","protected":false},"excerpt":{"rendered":"<p>Cortelazzi a Crai: nov\u00e9 strategick\u00e9 partnerstv\u00ed, kter\u00e9 p\u0159inese italskou excelenci do v\u00fdchodn\u00ed Evropy Spole\u010dnost Cortelazzi, p\u0159edn\u00ed distributor italsk\u00fdch potravin\u00e1\u0159sk\u00fdch v\u00fdrobk\u016f ve v\u00fdchodn\u00ed Evrop\u011b, podepsala partnerstv\u00ed se zna\u010dkou Crai, historickou italskou zna\u010dkou, s c\u00edlem pos\u00edlit p\u0159\u00edtomnost priv\u00e1tn\u00edch zna\u010dek Crai \u2013 Cuore dell\u2019Isola, La Rosa dei Gusti, Crai a Piaceri Italiani \u2013 na trz\u00edch \u010cesk\u00e9 republiky, Slovenska [&hellip;]<\/p>\n","protected":false},"author":1,"featured_media":22216,"comment_status":"closed","ping_status":"closed","sticky":false,"template":"","format":"standard","meta":{"inline_featured_image":false,"_jetpack_memberships_contains_paid_content":false,"footnotes":"","_links_to":"","_links_to_target":""},"categories":[297],"tags":[],"class_list":["post-22491","post","type-post","status-publish","format-standard","has-post-thumbnail","hentry","category-news-cs"],"yoast_head":"<!-- This site is optimized with the Yoast SEO plugin v27.5 - https:\/\/yoast.com\/product\/yoast-seo-wordpress\/ -->\n<title>Prodotti italiani in Est Europa con Crai e Cortelazzi | Cortelazzi<\/title>\n<meta name=\"description\" content=\"Cortelazzi ha recentemente accetto la proposta di partnership con Crai, per rafforzare la presenza dei prodotti italiani in Est Europa.\" \/>\n<meta name=\"robots\" content=\"index, follow, max-snippet:-1, max-image-preview:large, max-video-preview:-1\" \/>\n<link rel=\"canonical\" href=\"https:\/\/cortelazzi.cz\/cortelazzi-e-crai-nuova-partnership-strategica-per-portare-leccellenza-italiana-in-europa-dellest\/\" \/>\n<meta property=\"og:locale\" content=\"cs_CZ\" \/>\n<meta property=\"og:type\" content=\"article\" \/>\n<meta property=\"og:title\" content=\"Prodotti italiani in Est Europa con Crai e Cortelazzi | Cortelazzi\" \/>\n<meta property=\"og:description\" content=\"Cortelazzi ha recentemente accetto la proposta di partnership con Crai, per rafforzare la presenza dei prodotti italiani in Est Europa.\" \/>\n<meta property=\"og:url\" content=\"https:\/\/cortelazzi.cz\/cortelazzi-e-crai-nuova-partnership-strategica-per-portare-leccellenza-italiana-in-europa-dellest\/\" \/>\n<meta property=\"og:site_name\" content=\"Cortelazzi\" \/>\n<meta property=\"article:published_time\" content=\"2025-04-24T13:02:27+00:00\" \/>\n<meta property=\"article:modified_time\" content=\"2025-06-24T20:17:59+00:00\" \/>\n<meta property=\"og:image\" content=\"https:\/\/cortelazzi.cz\/wp-content\/uploads\/2025\/06\/Progetto-senza-titolo-11.png\" \/>\n\t<meta property=\"og:image:width\" content=\"800\" \/>\n\t<meta property=\"og:image:height\" content=\"527\" \/>\n\t<meta property=\"og:image:type\" content=\"image\/png\" \/>\n<meta name=\"author\" content=\"creativart\" \/>\n<meta name=\"twitter:card\" content=\"summary_large_image\" \/>\n<meta name=\"twitter:label1\" content=\"Napsal(a)\" \/>\n\t<meta name=\"twitter:data1\" content=\"creativart\" \/>\n\t<meta name=\"twitter:label2\" content=\"Odhadovan\u00e1 doba \u010dten\u00ed\" \/>\n\t<meta name=\"twitter:data2\" content=\"3 minuty\" \/>\n<script type=\"application\/ld+json\" class=\"yoast-schema-graph\">{\"@context\":\"https:\\\/\\\/schema.org\",\"@graph\":[{\"@type\":\"Article\",\"@id\":\"https:\\\/\\\/cortelazzi.cz\\\/cortelazzi-e-crai-nuova-partnership-strategica-per-portare-leccellenza-italiana-in-europa-dellest\\\/#article\",\"isPartOf\":{\"@id\":\"https:\\\/\\\/cortelazzi.cz\\\/cortelazzi-e-crai-nuova-partnership-strategica-per-portare-leccellenza-italiana-in-europa-dellest\\\/\"},\"author\":{\"name\":\"creativart\",\"@id\":\"https:\\\/\\\/cortelazzi.cz\\\/#\\\/schema\\\/person\\\/55627b6d7c4bafce414646985165f0b3\"},\"headline\":\"Cortelazzi a Crai: nov\u00e9 strategick\u00e9 partnerstv\u00ed, kter\u00e9 p\u0159inese italskou excelenci do v\u00fdchodn\u00ed Evropy\",\"datePublished\":\"2025-04-24T13:02:27+00:00\",\"dateModified\":\"2025-06-24T20:17:59+00:00\",\"mainEntityOfPage\":{\"@id\":\"https:\\\/\\\/cortelazzi.cz\\\/cortelazzi-e-crai-nuova-partnership-strategica-per-portare-leccellenza-italiana-in-europa-dellest\\\/\"},\"wordCount\":537,\"image\":{\"@id\":\"https:\\\/\\\/cortelazzi.cz\\\/cortelazzi-e-crai-nuova-partnership-strategica-per-portare-leccellenza-italiana-in-europa-dellest\\\/#primaryimage\"},\"thumbnailUrl\":\"https:\\\/\\\/cortelazzi.cz\\\/wp-content\\\/uploads\\\/2025\\\/06\\\/Progetto-senza-titolo-11.png\",\"articleSection\":[\"News\"],\"inLanguage\":\"cs\"},{\"@type\":\"WebPage\",\"@id\":\"https:\\\/\\\/cortelazzi.cz\\\/cortelazzi-e-crai-nuova-partnership-strategica-per-portare-leccellenza-italiana-in-europa-dellest\\\/\",\"url\":\"https:\\\/\\\/cortelazzi.cz\\\/cortelazzi-e-crai-nuova-partnership-strategica-per-portare-leccellenza-italiana-in-europa-dellest\\\/\",\"name\":\"Prodotti italiani in Est Europa con Crai e Cortelazzi | Cortelazzi\",\"isPartOf\":{\"@id\":\"https:\\\/\\\/cortelazzi.cz\\\/#website\"},\"primaryImageOfPage\":{\"@id\":\"https:\\\/\\\/cortelazzi.cz\\\/cortelazzi-e-crai-nuova-partnership-strategica-per-portare-leccellenza-italiana-in-europa-dellest\\\/#primaryimage\"},\"image\":{\"@id\":\"https:\\\/\\\/cortelazzi.cz\\\/cortelazzi-e-crai-nuova-partnership-strategica-per-portare-leccellenza-italiana-in-europa-dellest\\\/#primaryimage\"},\"thumbnailUrl\":\"https:\\\/\\\/cortelazzi.cz\\\/wp-content\\\/uploads\\\/2025\\\/06\\\/Progetto-senza-titolo-11.png\",\"datePublished\":\"2025-04-24T13:02:27+00:00\",\"dateModified\":\"2025-06-24T20:17:59+00:00\",\"author\":{\"@id\":\"https:\\\/\\\/cortelazzi.cz\\\/#\\\/schema\\\/person\\\/55627b6d7c4bafce414646985165f0b3\"},\"description\":\"Cortelazzi ha recentemente accetto la proposta di partnership con Crai, per rafforzare la presenza dei prodotti italiani in Est Europa.\",\"breadcrumb\":{\"@id\":\"https:\\\/\\\/cortelazzi.cz\\\/cortelazzi-e-crai-nuova-partnership-strategica-per-portare-leccellenza-italiana-in-europa-dellest\\\/#breadcrumb\"},\"inLanguage\":\"cs\",\"potentialAction\":[{\"@type\":\"ReadAction\",\"target\":[\"https:\\\/\\\/cortelazzi.cz\\\/cortelazzi-e-crai-nuova-partnership-strategica-per-portare-leccellenza-italiana-in-europa-dellest\\\/\"]}]},{\"@type\":\"ImageObject\",\"inLanguage\":\"cs\",\"@id\":\"https:\\\/\\\/cortelazzi.cz\\\/cortelazzi-e-crai-nuova-partnership-strategica-per-portare-leccellenza-italiana-in-europa-dellest\\\/#primaryimage\",\"url\":\"https:\\\/\\\/cortelazzi.cz\\\/wp-content\\\/uploads\\\/2025\\\/06\\\/Progetto-senza-titolo-11.png\",\"contentUrl\":\"https:\\\/\\\/cortelazzi.cz\\\/wp-content\\\/uploads\\\/2025\\\/06\\\/Progetto-senza-titolo-11.png\",\"width\":800,\"height\":527},{\"@type\":\"BreadcrumbList\",\"@id\":\"https:\\\/\\\/cortelazzi.cz\\\/cortelazzi-e-crai-nuova-partnership-strategica-per-portare-leccellenza-italiana-in-europa-dellest\\\/#breadcrumb\",\"itemListElement\":[{\"@type\":\"ListItem\",\"position\":1,\"name\":\"Home\",\"item\":\"https:\\\/\\\/cortelazzi.cz\\\/cs\\\/\"},{\"@type\":\"ListItem\",\"position\":2,\"name\":\"Cortelazzi a Crai: nov\u00e9 strategick\u00e9 partnerstv\u00ed, kter\u00e9 p\u0159inese italskou excelenci do v\u00fdchodn\u00ed Evropy\"}]},{\"@type\":\"WebSite\",\"@id\":\"https:\\\/\\\/cortelazzi.cz\\\/#website\",\"url\":\"https:\\\/\\\/cortelazzi.cz\\\/\",\"name\":\"Cortelazzi\",\"description\":\"Food service\",\"potentialAction\":[{\"@type\":\"SearchAction\",\"target\":{\"@type\":\"EntryPoint\",\"urlTemplate\":\"https:\\\/\\\/cortelazzi.cz\\\/?s={search_term_string}\"},\"query-input\":{\"@type\":\"PropertyValueSpecification\",\"valueRequired\":true,\"valueName\":\"search_term_string\"}}],\"inLanguage\":\"cs\"},{\"@type\":\"Person\",\"@id\":\"https:\\\/\\\/cortelazzi.cz\\\/#\\\/schema\\\/person\\\/55627b6d7c4bafce414646985165f0b3\",\"name\":\"creativart\",\"image\":{\"@type\":\"ImageObject\",\"inLanguage\":\"cs\",\"@id\":\"https:\\\/\\\/secure.gravatar.com\\\/avatar\\\/75acd4aacb5b25d963dbd1242c684774ca8b2d624816b849d6435b8d67df8998?s=96&d=mm&r=g\",\"url\":\"https:\\\/\\\/secure.gravatar.com\\\/avatar\\\/75acd4aacb5b25d963dbd1242c684774ca8b2d624816b849d6435b8d67df8998?s=96&d=mm&r=g\",\"contentUrl\":\"https:\\\/\\\/secure.gravatar.com\\\/avatar\\\/75acd4aacb5b25d963dbd1242c684774ca8b2d624816b849d6435b8d67df8998?s=96&d=mm&r=g\",\"caption\":\"creativart\"},\"sameAs\":[\"https:\\\/\\\/www.creativart.cloud\\\/cortelazzi\"],\"url\":\"https:\\\/\\\/cortelazzi.cz\\\/cs\\\/author\\\/creativart\\\/\"}]}<\/script>\n<!-- \/ Yoast SEO plugin. -->","yoast_head_json":{"title":"Prodotti italiani in Est Europa con Crai e Cortelazzi | Cortelazzi","description":"Cortelazzi ha recentemente accetto la proposta di partnership con Crai, per rafforzare la presenza dei prodotti italiani in Est Europa.","robots":{"index":"index","follow":"follow","max-snippet":"max-snippet:-1","max-image-preview":"max-image-preview:large","max-video-preview":"max-video-preview:-1"},"canonical":"https:\/\/cortelazzi.cz\/cortelazzi-e-crai-nuova-partnership-strategica-per-portare-leccellenza-italiana-in-europa-dellest\/","og_locale":"cs_CZ","og_type":"article","og_title":"Prodotti italiani in Est Europa con Crai e Cortelazzi | Cortelazzi","og_description":"Cortelazzi ha recentemente accetto la proposta di partnership con Crai, per rafforzare la presenza dei prodotti italiani in Est Europa.","og_url":"https:\/\/cortelazzi.cz\/cortelazzi-e-crai-nuova-partnership-strategica-per-portare-leccellenza-italiana-in-europa-dellest\/","og_site_name":"Cortelazzi","article_published_time":"2025-04-24T13:02:27+00:00","article_modified_time":"2025-06-24T20:17:59+00:00","og_image":[{"width":800,"height":527,"url":"https:\/\/cortelazzi.cz\/wp-content\/uploads\/2025\/06\/Progetto-senza-titolo-11.png","type":"image\/png"}],"author":"creativart","twitter_card":"summary_large_image","twitter_misc":{"Napsal(a)":"creativart","Odhadovan\u00e1 doba \u010dten\u00ed":"3 minuty"},"schema":{"@context":"https:\/\/schema.org","@graph":[{"@type":"Article","@id":"https:\/\/cortelazzi.cz\/cortelazzi-e-crai-nuova-partnership-strategica-per-portare-leccellenza-italiana-in-europa-dellest\/#article","isPartOf":{"@id":"https:\/\/cortelazzi.cz\/cortelazzi-e-crai-nuova-partnership-strategica-per-portare-leccellenza-italiana-in-europa-dellest\/"},"author":{"name":"creativart","@id":"https:\/\/cortelazzi.cz\/#\/schema\/person\/55627b6d7c4bafce414646985165f0b3"},"headline":"Cortelazzi a Crai: nov\u00e9 strategick\u00e9 partnerstv\u00ed, kter\u00e9 p\u0159inese italskou excelenci do v\u00fdchodn\u00ed Evropy","datePublished":"2025-04-24T13:02:27+00:00","dateModified":"2025-06-24T20:17:59+00:00","mainEntityOfPage":{"@id":"https:\/\/cortelazzi.cz\/cortelazzi-e-crai-nuova-partnership-strategica-per-portare-leccellenza-italiana-in-europa-dellest\/"},"wordCount":537,"image":{"@id":"https:\/\/cortelazzi.cz\/cortelazzi-e-crai-nuova-partnership-strategica-per-portare-leccellenza-italiana-in-europa-dellest\/#primaryimage"},"thumbnailUrl":"https:\/\/cortelazzi.cz\/wp-content\/uploads\/2025\/06\/Progetto-senza-titolo-11.png","articleSection":["News"],"inLanguage":"cs"},{"@type":"WebPage","@id":"https:\/\/cortelazzi.cz\/cortelazzi-e-crai-nuova-partnership-strategica-per-portare-leccellenza-italiana-in-europa-dellest\/","url":"https:\/\/cortelazzi.cz\/cortelazzi-e-crai-nuova-partnership-strategica-per-portare-leccellenza-italiana-in-europa-dellest\/","name":"Prodotti italiani in Est Europa con Crai e Cortelazzi | Cortelazzi","isPartOf":{"@id":"https:\/\/cortelazzi.cz\/#website"},"primaryImageOfPage":{"@id":"https:\/\/cortelazzi.cz\/cortelazzi-e-crai-nuova-partnership-strategica-per-portare-leccellenza-italiana-in-europa-dellest\/#primaryimage"},"image":{"@id":"https:\/\/cortelazzi.cz\/cortelazzi-e-crai-nuova-partnership-strategica-per-portare-leccellenza-italiana-in-europa-dellest\/#primaryimage"},"thumbnailUrl":"https:\/\/cortelazzi.cz\/wp-content\/uploads\/2025\/06\/Progetto-senza-titolo-11.png","datePublished":"2025-04-24T13:02:27+00:00","dateModified":"2025-06-24T20:17:59+00:00","author":{"@id":"https:\/\/cortelazzi.cz\/#\/schema\/person\/55627b6d7c4bafce414646985165f0b3"},"description":"Cortelazzi ha recentemente accetto la proposta di partnership con Crai, per rafforzare la presenza dei prodotti italiani in Est Europa.","breadcrumb":{"@id":"https:\/\/cortelazzi.cz\/cortelazzi-e-crai-nuova-partnership-strategica-per-portare-leccellenza-italiana-in-europa-dellest\/#breadcrumb"},"inLanguage":"cs","potentialAction":[{"@type":"ReadAction","target":["https:\/\/cortelazzi.cz\/cortelazzi-e-crai-nuova-partnership-strategica-per-portare-leccellenza-italiana-in-europa-dellest\/"]}]},{"@type":"ImageObject","inLanguage":"cs","@id":"https:\/\/cortelazzi.cz\/cortelazzi-e-crai-nuova-partnership-strategica-per-portare-leccellenza-italiana-in-europa-dellest\/#primaryimage","url":"https:\/\/cortelazzi.cz\/wp-content\/uploads\/2025\/06\/Progetto-senza-titolo-11.png","contentUrl":"https:\/\/cortelazzi.cz\/wp-content\/uploads\/2025\/06\/Progetto-senza-titolo-11.png","width":800,"height":527},{"@type":"BreadcrumbList","@id":"https:\/\/cortelazzi.cz\/cortelazzi-e-crai-nuova-partnership-strategica-per-portare-leccellenza-italiana-in-europa-dellest\/#breadcrumb","itemListElement":[{"@type":"ListItem","position":1,"name":"Home","item":"https:\/\/cortelazzi.cz\/cs\/"},{"@type":"ListItem","position":2,"name":"Cortelazzi a Crai: nov\u00e9 strategick\u00e9 partnerstv\u00ed, kter\u00e9 p\u0159inese italskou excelenci do v\u00fdchodn\u00ed Evropy"}]},{"@type":"WebSite","@id":"https:\/\/cortelazzi.cz\/#website","url":"https:\/\/cortelazzi.cz\/","name":"Cortelazzi","description":"Food service","potentialAction":[{"@type":"SearchAction","target":{"@type":"EntryPoint","urlTemplate":"https:\/\/cortelazzi.cz\/?s={search_term_string}"},"query-input":{"@type":"PropertyValueSpecification","valueRequired":true,"valueName":"search_term_string"}}],"inLanguage":"cs"},{"@type":"Person","@id":"https:\/\/cortelazzi.cz\/#\/schema\/person\/55627b6d7c4bafce414646985165f0b3","name":"creativart","image":{"@type":"ImageObject","inLanguage":"cs","@id":"https:\/\/secure.gravatar.com\/avatar\/75acd4aacb5b25d963dbd1242c684774ca8b2d624816b849d6435b8d67df8998?s=96&d=mm&r=g","url":"https:\/\/secure.gravatar.com\/avatar\/75acd4aacb5b25d963dbd1242c684774ca8b2d624816b849d6435b8d67df8998?s=96&d=mm&r=g","contentUrl":"https:\/\/secure.gravatar.com\/avatar\/75acd4aacb5b25d963dbd1242c684774ca8b2d624816b849d6435b8d67df8998?s=96&d=mm&r=g","caption":"creativart"},"sameAs":["https:\/\/www.creativart.cloud\/cortelazzi"],"url":"https:\/\/cortelazzi.cz\/cs\/author\/creativart\/"}]}},"jetpack_featured_media_url":"https:\/\/cortelazzi.cz\/wp-content\/uploads\/2025\/06\/Progetto-senza-titolo-11.png","jetpack_sharing_enabled":true,"_links":{"self":[{"href":"https:\/\/cortelazzi.cz\/cs\/wp-json\/wp\/v2\/posts\/22491","targetHints":{"allow":["GET"]}}],"collection":[{"href":"https:\/\/cortelazzi.cz\/cs\/wp-json\/wp\/v2\/posts"}],"about":[{"href":"https:\/\/cortelazzi.cz\/cs\/wp-json\/wp\/v2\/types\/post"}],"author":[{"embeddable":true,"href":"https:\/\/cortelazzi.cz\/cs\/wp-json\/wp\/v2\/users\/1"}],"replies":[{"embeddable":true,"href":"https:\/\/cortelazzi.cz\/cs\/wp-json\/wp\/v2\/comments?post=22491"}],"version-history":[{"count":6,"href":"https:\/\/cortelazzi.cz\/cs\/wp-json\/wp\/v2\/posts\/22491\/revisions"}],"predecessor-version":[{"id":22776,"href":"https:\/\/cortelazzi.cz\/cs\/wp-json\/wp\/v2\/posts\/22491\/revisions\/22776"}],"wp:featuredmedia":[{"embeddable":true,"href":"https:\/\/cortelazzi.cz\/cs\/wp-json\/wp\/v2\/media\/22216"}],"wp:attachment":[{"href":"https:\/\/cortelazzi.cz\/cs\/wp-json\/wp\/v2\/media?parent=22491"}],"wp:term":[{"taxonomy":"category","embeddable":true,"href":"https:\/\/cortelazzi.cz\/cs\/wp-json\/wp\/v2\/categories?post=22491"},{"taxonomy":"post_tag","embeddable":true,"href":"https:\/\/cortelazzi.cz\/cs\/wp-json\/wp\/v2\/tags?post=22491"}],"curies":[{"name":"wp","href":"https:\/\/api.w.org\/{rel}","templated":true}]}}