
{"id":22524,"date":"2025-03-24T15:32:08","date_gmt":"2025-03-24T14:32:08","guid":{"rendered":"https:\/\/cortelazzi.cz\/?p=22524"},"modified":"2025-06-24T22:36:00","modified_gmt":"2025-06-24T20:36:00","slug":"cortelazzi-je-obnoven-nove-logo-a-graficka-identita-na-oslavu-italske-tradice-a-prahy","status":"publish","type":"post","link":"https:\/\/cortelazzi.cz\/cs\/cortelazzi-je-obnoven-nove-logo-a-graficka-identita-na-oslavu-italske-tradice-a-prahy\/","title":{"rendered":"Cortelazzi je obnoven: nov\u00e9 logo a grafick\u00e1 identita na oslavu italsk\u00e9 tradice a Prahy"},"content":{"rendered":"\n<h1 class=\"wp-block-heading\">Cortelazzi je obnoven: nov\u00e9 logo a grafick\u00e1 identita na oslavu italsk\u00e9 tradice a Prahy<\/h1>\n\n\n\n<p>Ji\u017e v\u00edce ne\u017e t\u0159icet let je <strong>Cortelazzi<\/strong> referen\u010dn\u00edm bodem pro ty, kte\u0159\u00ed hledaj\u00ed italsk\u00fd supermarket v Praze, synonymum autenticity a kvality. D\u00edky \u0161irok\u00e9mu v\u00fdb\u011bru vynikaj\u00edc\u00edch italsk\u00fdch produkt\u016f si z\u00edskal d\u016fv\u011bru italsk\u00e9 komunity a milovn\u00edk\u016f italsk\u00e9 kuchyn\u011b v \u010desk\u00e9 metropoli. Nyn\u00ed, na oslavu t\u00e9to d\u016fle\u017eit\u00e9 cesty, Cortelazzi p\u0159edstavuje nov\u00e9 logo a novou grafickou identitu, kter\u00e9 maj\u00ed s v\u011bt\u0161\u00ed silou a modernost\u00ed vyjad\u0159ovat hodnoty, kter\u00e9 jej v\u017edy odli\u0161ovaly.<\/p>\n\n\n\n<h2 class=\"wp-block-heading\">Nov\u00e1 tv\u00e1\u0159, v\u011brn\u00e1 italsk\u00fdm ko\u0159en\u016fm<\/h2>\n\n\n\n<p><strong>Grafick\u00fd restyling Cortelazzi<\/strong> se zrodil z pot\u0159eby spojit tradici a sou\u010dasnost a pos\u00edlit image supermarketu na neust\u00e1le se vyv\u00edjej\u00edc\u00edm mezin\u00e1rodn\u00edm trhu. Nejde jen o estetickou aktualizaci, ale o evoluci, kter\u00e1 chce jasn\u011b sd\u011blit, kdo Cortelazzi je a co p\u0159edstavuje.<\/p>\n\n\n\n<p>Nov\u00e9 logo zachov\u00e1v\u00e1 symbolick\u00e9 barvy It\u00e1lie \u2013 zelenou, b\u00edlou a \u010dervenou \u2013 ale interpretuje je modern\u011bj\u0161\u00edmi a dynami\u010dt\u011bj\u0161\u00edmi liniemi, co\u017e je vyj\u00e1d\u0159en\u00ed spole\u010dnosti, kter\u00e1 je \u017eiv\u00e1, rostouc\u00ed a bl\u00edzko sv\u00fdm z\u00e1kazn\u00edk\u016fm. Tento nov\u00fd vizu\u00e1ln\u00ed vzhled chce vyj\u00e1d\u0159it autenticitu nab\u00edzen\u00fdch italsk\u00fdch produkt\u016f a v\u00e1\u0161e\u0148, kter\u00e1 o\u017eivuje ka\u017edou volbu, a potvrzuje tak Cortelazzi jako m\u00edsto, kde se setk\u00e1v\u00e1 kvalita, autenticita a tradice.<\/p>\n\n\n\n<h3 class=\"wp-block-heading\">Hodnoty spole\u010dnosti Always: kvalita, tradice a p\u00e9\u010de o z\u00e1kazn\u00edka<\/h3>\n\n\n\n<p>Navzdory zm\u011bn\u011b image z\u016fst\u00e1vaj\u00ed z\u00e1kladn\u00ed hodnoty Cortelazzi nezm\u011bn\u011bny. Posl\u00e1n\u00ed je v\u017edy stejn\u00e9: p\u0159in\u00e9st autentick\u00e9 chut\u011b It\u00e1lie na pra\u017esk\u00e9 stoly a vyb\u00edrat pouze origin\u00e1ln\u00ed produkty od t\u011bch nejlep\u0161\u00edch italsk\u00fdch excelentnost\u00ed. Cortelazzi nab\u00edz\u00ed jedine\u010dn\u00fd z\u00e1\u017eitek z nakupov\u00e1n\u00ed, kter\u00fd kombinuje pohodl\u00ed, pozornost k detailu a pozorn\u00fd a d\u016fv\u011brn\u011b zn\u00e1m\u00fd z\u00e1kaznick\u00fd servis.\n\nNov\u00e1 grafick\u00e1 identita chce b\u00fdt jasn\u00fdm a siln\u00fdm poselstv\u00edm: Cortelazzi je italsk\u00fd supermarket v Praze, kde se o kvalit\u011b ned\u00e1 vyjedn\u00e1vat a tradice se obnovuje ka\u017ed\u00fd den, aby l\u00e9pe reagovala na pot\u0159eby z\u00e1kazn\u00edk\u016f.<\/p>\n\n\n\n<h4 class=\"wp-block-heading\">P\u0159ij\u010fte objevit nov\u00fd vzhled Cortelazziho<\/h4>\n\n\n\n<p>Zveme v\u00e1s k n\u00e1v\u0161t\u011bv\u011b na\u0161eho supermarketu a objevte nov\u00e9 logo a novou image, kter\u00e9 doprov\u00e1zej\u00ed stejnou \u0161irokou \u0161k\u00e1lu italsk\u00fdch produkt\u016f, kter\u00e9 jste si v\u017edy v\u00e1\u017eili. Cortelazzi potvrzuje sv\u016fj z\u00e1vazek zaru\u010dit \u010derstvost, autenticitu a v\u00fdb\u011br italsk\u00fdch specialit, abyste se c\u00edtili jako doma i daleko od It\u00e1lie.<\/p>\n\n\n\n<p>Na st\u00e1le konkuren\u010dn\u011bj\u0161\u00edm a dynami\u010dt\u011bj\u0161\u00edm trhu se Cortelazzi potvrzuje jako italsk\u00fd supermarket v Praze par excellence, p\u0159ipraven\u00fd hled\u011bt do budoucnosti, ani\u017e by zapom\u00ednal na sv\u00e9 ko\u0159eny.<\/p>\n\n\n\n<p><strong>Cortelazzi \u2013 V\u00e1\u0161 italsk\u00fd supermarket v Praze<br><\/strong>Sledujte n\u00e1s na na\u0161ich soci\u00e1ln\u00edch s\u00edt\u00edch a dozv\u00edte se v\u0161echny novinky:<\/p>\n\n\n\n<p><a href=\"https:\/\/www.facebook.com\/cortelazzi.prague\">Facebook<\/a><br><a href=\"https:\/\/www.instagram.com\/cortelazzi.prague\/\">Instagram<\/a><\/p>\n","protected":false},"excerpt":{"rendered":"<p>Cortelazzi je obnoven: nov\u00e9 logo a grafick\u00e1 identita na oslavu italsk\u00e9 tradice a Prahy Ji\u017e v\u00edce ne\u017e t\u0159icet let je Cortelazzi referen\u010dn\u00edm bodem pro ty, kte\u0159\u00ed hledaj\u00ed italsk\u00fd supermarket v Praze, synonymum autenticity a kvality. D\u00edky \u0161irok\u00e9mu v\u00fdb\u011bru vynikaj\u00edc\u00edch italsk\u00fdch produkt\u016f si z\u00edskal d\u016fv\u011bru italsk\u00e9 komunity a milovn\u00edk\u016f italsk\u00e9 kuchyn\u011b v \u010desk\u00e9 metropoli. Nyn\u00ed, na [&hellip;]<\/p>\n","protected":false},"author":1,"featured_media":22704,"comment_status":"closed","ping_status":"closed","sticky":false,"template":"","format":"standard","meta":{"inline_featured_image":false,"_jetpack_memberships_contains_paid_content":false,"footnotes":"","_links_to":"","_links_to_target":""},"categories":[297],"tags":[],"class_list":["post-22524","post","type-post","status-publish","format-standard","has-post-thumbnail","hentry","category-news-cs"],"yoast_head":"<!-- This site is optimized with the Yoast SEO plugin v27.5 - https:\/\/yoast.com\/product\/yoast-seo-wordpress\/ -->\n<title>Cortelazzi je obnoven: nov\u00e9 logo a grafick\u00e1 identita | Cortelazzi<\/title>\n<meta name=\"description\" content=\"Ji\u017e v\u00edce ne\u017e t\u0159icet let je Cortelazzi referen\u010dn\u00edm bodem pro ty, kte\u0159\u00ed hledaj\u00ed italsk\u00fd supermarket v Praze, synonymum autenticity a kvality.\" \/>\n<meta name=\"robots\" content=\"index, follow, max-snippet:-1, max-image-preview:large, max-video-preview:-1\" \/>\n<link rel=\"canonical\" href=\"https:\/\/cortelazzi.cz\/cortelazzi-si-rinnova-nuovo-logo-e-identita-grafica-per-celebrare-la-tradizione-italiana-a-praga\/\" \/>\n<meta property=\"og:locale\" content=\"cs_CZ\" \/>\n<meta property=\"og:type\" content=\"article\" \/>\n<meta property=\"og:title\" content=\"Cortelazzi je obnoven: nov\u00e9 logo a grafick\u00e1 identita | Cortelazzi\" \/>\n<meta property=\"og:description\" content=\"Ji\u017e v\u00edce ne\u017e t\u0159icet let je Cortelazzi referen\u010dn\u00edm bodem pro ty, kte\u0159\u00ed hledaj\u00ed italsk\u00fd supermarket v Praze, synonymum autenticity a kvality.\" \/>\n<meta property=\"og:url\" content=\"https:\/\/cortelazzi.cz\/cortelazzi-si-rinnova-nuovo-logo-e-identita-grafica-per-celebrare-la-tradizione-italiana-a-praga\/\" \/>\n<meta property=\"og:site_name\" content=\"Cortelazzi\" \/>\n<meta property=\"article:published_time\" content=\"2025-03-24T14:32:08+00:00\" \/>\n<meta property=\"article:modified_time\" content=\"2025-06-24T20:36:00+00:00\" \/>\n<meta property=\"og:image\" content=\"https:\/\/cortelazzi.cz\/wp-content\/uploads\/2025\/03\/MARZO.png\" \/>\n\t<meta property=\"og:image:width\" content=\"800\" \/>\n\t<meta property=\"og:image:height\" content=\"527\" \/>\n\t<meta property=\"og:image:type\" content=\"image\/png\" \/>\n<meta name=\"author\" content=\"creativart\" \/>\n<meta name=\"twitter:card\" content=\"summary_large_image\" \/>\n<meta name=\"twitter:label1\" content=\"Napsal(a)\" \/>\n\t<meta name=\"twitter:data1\" content=\"creativart\" \/>\n\t<meta name=\"twitter:label2\" content=\"Odhadovan\u00e1 doba \u010dten\u00ed\" \/>\n\t<meta name=\"twitter:data2\" content=\"3 minuty\" \/>\n<script type=\"application\/ld+json\" class=\"yoast-schema-graph\">{\"@context\":\"https:\\\/\\\/schema.org\",\"@graph\":[{\"@type\":\"Article\",\"@id\":\"https:\\\/\\\/cortelazzi.cz\\\/cortelazzi-si-rinnova-nuovo-logo-e-identita-grafica-per-celebrare-la-tradizione-italiana-a-praga\\\/#article\",\"isPartOf\":{\"@id\":\"https:\\\/\\\/cortelazzi.cz\\\/cortelazzi-si-rinnova-nuovo-logo-e-identita-grafica-per-celebrare-la-tradizione-italiana-a-praga\\\/\"},\"author\":{\"name\":\"creativart\",\"@id\":\"https:\\\/\\\/cortelazzi.cz\\\/#\\\/schema\\\/person\\\/55627b6d7c4bafce414646985165f0b3\"},\"headline\":\"Cortelazzi je obnoven: nov\u00e9 logo a grafick\u00e1 identita na oslavu italsk\u00e9 tradice a Prahy\",\"datePublished\":\"2025-03-24T14:32:08+00:00\",\"dateModified\":\"2025-06-24T20:36:00+00:00\",\"mainEntityOfPage\":{\"@id\":\"https:\\\/\\\/cortelazzi.cz\\\/cortelazzi-si-rinnova-nuovo-logo-e-identita-grafica-per-celebrare-la-tradizione-italiana-a-praga\\\/\"},\"wordCount\":524,\"image\":{\"@id\":\"https:\\\/\\\/cortelazzi.cz\\\/cortelazzi-si-rinnova-nuovo-logo-e-identita-grafica-per-celebrare-la-tradizione-italiana-a-praga\\\/#primaryimage\"},\"thumbnailUrl\":\"https:\\\/\\\/cortelazzi.cz\\\/wp-content\\\/uploads\\\/2025\\\/03\\\/MARZO.png\",\"articleSection\":[\"News\"],\"inLanguage\":\"cs\"},{\"@type\":\"WebPage\",\"@id\":\"https:\\\/\\\/cortelazzi.cz\\\/cortelazzi-si-rinnova-nuovo-logo-e-identita-grafica-per-celebrare-la-tradizione-italiana-a-praga\\\/\",\"url\":\"https:\\\/\\\/cortelazzi.cz\\\/cortelazzi-si-rinnova-nuovo-logo-e-identita-grafica-per-celebrare-la-tradizione-italiana-a-praga\\\/\",\"name\":\"Cortelazzi je obnoven: nov\u00e9 logo a grafick\u00e1 identita | Cortelazzi\",\"isPartOf\":{\"@id\":\"https:\\\/\\\/cortelazzi.cz\\\/#website\"},\"primaryImageOfPage\":{\"@id\":\"https:\\\/\\\/cortelazzi.cz\\\/cortelazzi-si-rinnova-nuovo-logo-e-identita-grafica-per-celebrare-la-tradizione-italiana-a-praga\\\/#primaryimage\"},\"image\":{\"@id\":\"https:\\\/\\\/cortelazzi.cz\\\/cortelazzi-si-rinnova-nuovo-logo-e-identita-grafica-per-celebrare-la-tradizione-italiana-a-praga\\\/#primaryimage\"},\"thumbnailUrl\":\"https:\\\/\\\/cortelazzi.cz\\\/wp-content\\\/uploads\\\/2025\\\/03\\\/MARZO.png\",\"datePublished\":\"2025-03-24T14:32:08+00:00\",\"dateModified\":\"2025-06-24T20:36:00+00:00\",\"author\":{\"@id\":\"https:\\\/\\\/cortelazzi.cz\\\/#\\\/schema\\\/person\\\/55627b6d7c4bafce414646985165f0b3\"},\"description\":\"Ji\u017e v\u00edce ne\u017e t\u0159icet let je Cortelazzi referen\u010dn\u00edm bodem pro ty, kte\u0159\u00ed hledaj\u00ed italsk\u00fd supermarket v Praze, synonymum autenticity a kvality.\",\"breadcrumb\":{\"@id\":\"https:\\\/\\\/cortelazzi.cz\\\/cortelazzi-si-rinnova-nuovo-logo-e-identita-grafica-per-celebrare-la-tradizione-italiana-a-praga\\\/#breadcrumb\"},\"inLanguage\":\"cs\",\"potentialAction\":[{\"@type\":\"ReadAction\",\"target\":[\"https:\\\/\\\/cortelazzi.cz\\\/cortelazzi-si-rinnova-nuovo-logo-e-identita-grafica-per-celebrare-la-tradizione-italiana-a-praga\\\/\"]}]},{\"@type\":\"ImageObject\",\"inLanguage\":\"cs\",\"@id\":\"https:\\\/\\\/cortelazzi.cz\\\/cortelazzi-si-rinnova-nuovo-logo-e-identita-grafica-per-celebrare-la-tradizione-italiana-a-praga\\\/#primaryimage\",\"url\":\"https:\\\/\\\/cortelazzi.cz\\\/wp-content\\\/uploads\\\/2025\\\/03\\\/MARZO.png\",\"contentUrl\":\"https:\\\/\\\/cortelazzi.cz\\\/wp-content\\\/uploads\\\/2025\\\/03\\\/MARZO.png\",\"width\":800,\"height\":527,\"caption\":\"nuova identit\u00e0 cortelazzi\"},{\"@type\":\"BreadcrumbList\",\"@id\":\"https:\\\/\\\/cortelazzi.cz\\\/cortelazzi-si-rinnova-nuovo-logo-e-identita-grafica-per-celebrare-la-tradizione-italiana-a-praga\\\/#breadcrumb\",\"itemListElement\":[{\"@type\":\"ListItem\",\"position\":1,\"name\":\"Home\",\"item\":\"https:\\\/\\\/cortelazzi.cz\\\/cs\\\/\"},{\"@type\":\"ListItem\",\"position\":2,\"name\":\"Cortelazzi je obnoven: nov\u00e9 logo a grafick\u00e1 identita na oslavu italsk\u00e9 tradice a Prahy\"}]},{\"@type\":\"WebSite\",\"@id\":\"https:\\\/\\\/cortelazzi.cz\\\/#website\",\"url\":\"https:\\\/\\\/cortelazzi.cz\\\/\",\"name\":\"Cortelazzi\",\"description\":\"Food service\",\"potentialAction\":[{\"@type\":\"SearchAction\",\"target\":{\"@type\":\"EntryPoint\",\"urlTemplate\":\"https:\\\/\\\/cortelazzi.cz\\\/?s={search_term_string}\"},\"query-input\":{\"@type\":\"PropertyValueSpecification\",\"valueRequired\":true,\"valueName\":\"search_term_string\"}}],\"inLanguage\":\"cs\"},{\"@type\":\"Person\",\"@id\":\"https:\\\/\\\/cortelazzi.cz\\\/#\\\/schema\\\/person\\\/55627b6d7c4bafce414646985165f0b3\",\"name\":\"creativart\",\"image\":{\"@type\":\"ImageObject\",\"inLanguage\":\"cs\",\"@id\":\"https:\\\/\\\/secure.gravatar.com\\\/avatar\\\/75acd4aacb5b25d963dbd1242c684774ca8b2d624816b849d6435b8d67df8998?s=96&d=mm&r=g\",\"url\":\"https:\\\/\\\/secure.gravatar.com\\\/avatar\\\/75acd4aacb5b25d963dbd1242c684774ca8b2d624816b849d6435b8d67df8998?s=96&d=mm&r=g\",\"contentUrl\":\"https:\\\/\\\/secure.gravatar.com\\\/avatar\\\/75acd4aacb5b25d963dbd1242c684774ca8b2d624816b849d6435b8d67df8998?s=96&d=mm&r=g\",\"caption\":\"creativart\"},\"sameAs\":[\"https:\\\/\\\/www.creativart.cloud\\\/cortelazzi\"],\"url\":\"https:\\\/\\\/cortelazzi.cz\\\/cs\\\/author\\\/creativart\\\/\"}]}<\/script>\n<!-- \/ Yoast SEO plugin. -->","yoast_head_json":{"title":"Cortelazzi je obnoven: nov\u00e9 logo a grafick\u00e1 identita | Cortelazzi","description":"Ji\u017e v\u00edce ne\u017e t\u0159icet let je Cortelazzi referen\u010dn\u00edm bodem pro ty, kte\u0159\u00ed hledaj\u00ed italsk\u00fd supermarket v Praze, synonymum autenticity a kvality.","robots":{"index":"index","follow":"follow","max-snippet":"max-snippet:-1","max-image-preview":"max-image-preview:large","max-video-preview":"max-video-preview:-1"},"canonical":"https:\/\/cortelazzi.cz\/cortelazzi-si-rinnova-nuovo-logo-e-identita-grafica-per-celebrare-la-tradizione-italiana-a-praga\/","og_locale":"cs_CZ","og_type":"article","og_title":"Cortelazzi je obnoven: nov\u00e9 logo a grafick\u00e1 identita | Cortelazzi","og_description":"Ji\u017e v\u00edce ne\u017e t\u0159icet let je Cortelazzi referen\u010dn\u00edm bodem pro ty, kte\u0159\u00ed hledaj\u00ed italsk\u00fd supermarket v Praze, synonymum autenticity a kvality.","og_url":"https:\/\/cortelazzi.cz\/cortelazzi-si-rinnova-nuovo-logo-e-identita-grafica-per-celebrare-la-tradizione-italiana-a-praga\/","og_site_name":"Cortelazzi","article_published_time":"2025-03-24T14:32:08+00:00","article_modified_time":"2025-06-24T20:36:00+00:00","og_image":[{"width":800,"height":527,"url":"https:\/\/cortelazzi.cz\/wp-content\/uploads\/2025\/03\/MARZO.png","type":"image\/png"}],"author":"creativart","twitter_card":"summary_large_image","twitter_misc":{"Napsal(a)":"creativart","Odhadovan\u00e1 doba \u010dten\u00ed":"3 minuty"},"schema":{"@context":"https:\/\/schema.org","@graph":[{"@type":"Article","@id":"https:\/\/cortelazzi.cz\/cortelazzi-si-rinnova-nuovo-logo-e-identita-grafica-per-celebrare-la-tradizione-italiana-a-praga\/#article","isPartOf":{"@id":"https:\/\/cortelazzi.cz\/cortelazzi-si-rinnova-nuovo-logo-e-identita-grafica-per-celebrare-la-tradizione-italiana-a-praga\/"},"author":{"name":"creativart","@id":"https:\/\/cortelazzi.cz\/#\/schema\/person\/55627b6d7c4bafce414646985165f0b3"},"headline":"Cortelazzi je obnoven: nov\u00e9 logo a grafick\u00e1 identita na oslavu italsk\u00e9 tradice a Prahy","datePublished":"2025-03-24T14:32:08+00:00","dateModified":"2025-06-24T20:36:00+00:00","mainEntityOfPage":{"@id":"https:\/\/cortelazzi.cz\/cortelazzi-si-rinnova-nuovo-logo-e-identita-grafica-per-celebrare-la-tradizione-italiana-a-praga\/"},"wordCount":524,"image":{"@id":"https:\/\/cortelazzi.cz\/cortelazzi-si-rinnova-nuovo-logo-e-identita-grafica-per-celebrare-la-tradizione-italiana-a-praga\/#primaryimage"},"thumbnailUrl":"https:\/\/cortelazzi.cz\/wp-content\/uploads\/2025\/03\/MARZO.png","articleSection":["News"],"inLanguage":"cs"},{"@type":"WebPage","@id":"https:\/\/cortelazzi.cz\/cortelazzi-si-rinnova-nuovo-logo-e-identita-grafica-per-celebrare-la-tradizione-italiana-a-praga\/","url":"https:\/\/cortelazzi.cz\/cortelazzi-si-rinnova-nuovo-logo-e-identita-grafica-per-celebrare-la-tradizione-italiana-a-praga\/","name":"Cortelazzi je obnoven: nov\u00e9 logo a grafick\u00e1 identita | Cortelazzi","isPartOf":{"@id":"https:\/\/cortelazzi.cz\/#website"},"primaryImageOfPage":{"@id":"https:\/\/cortelazzi.cz\/cortelazzi-si-rinnova-nuovo-logo-e-identita-grafica-per-celebrare-la-tradizione-italiana-a-praga\/#primaryimage"},"image":{"@id":"https:\/\/cortelazzi.cz\/cortelazzi-si-rinnova-nuovo-logo-e-identita-grafica-per-celebrare-la-tradizione-italiana-a-praga\/#primaryimage"},"thumbnailUrl":"https:\/\/cortelazzi.cz\/wp-content\/uploads\/2025\/03\/MARZO.png","datePublished":"2025-03-24T14:32:08+00:00","dateModified":"2025-06-24T20:36:00+00:00","author":{"@id":"https:\/\/cortelazzi.cz\/#\/schema\/person\/55627b6d7c4bafce414646985165f0b3"},"description":"Ji\u017e v\u00edce ne\u017e t\u0159icet let je Cortelazzi referen\u010dn\u00edm bodem pro ty, kte\u0159\u00ed hledaj\u00ed italsk\u00fd supermarket v Praze, synonymum autenticity a kvality.","breadcrumb":{"@id":"https:\/\/cortelazzi.cz\/cortelazzi-si-rinnova-nuovo-logo-e-identita-grafica-per-celebrare-la-tradizione-italiana-a-praga\/#breadcrumb"},"inLanguage":"cs","potentialAction":[{"@type":"ReadAction","target":["https:\/\/cortelazzi.cz\/cortelazzi-si-rinnova-nuovo-logo-e-identita-grafica-per-celebrare-la-tradizione-italiana-a-praga\/"]}]},{"@type":"ImageObject","inLanguage":"cs","@id":"https:\/\/cortelazzi.cz\/cortelazzi-si-rinnova-nuovo-logo-e-identita-grafica-per-celebrare-la-tradizione-italiana-a-praga\/#primaryimage","url":"https:\/\/cortelazzi.cz\/wp-content\/uploads\/2025\/03\/MARZO.png","contentUrl":"https:\/\/cortelazzi.cz\/wp-content\/uploads\/2025\/03\/MARZO.png","width":800,"height":527,"caption":"nuova identit\u00e0 cortelazzi"},{"@type":"BreadcrumbList","@id":"https:\/\/cortelazzi.cz\/cortelazzi-si-rinnova-nuovo-logo-e-identita-grafica-per-celebrare-la-tradizione-italiana-a-praga\/#breadcrumb","itemListElement":[{"@type":"ListItem","position":1,"name":"Home","item":"https:\/\/cortelazzi.cz\/cs\/"},{"@type":"ListItem","position":2,"name":"Cortelazzi je obnoven: nov\u00e9 logo a grafick\u00e1 identita na oslavu italsk\u00e9 tradice a Prahy"}]},{"@type":"WebSite","@id":"https:\/\/cortelazzi.cz\/#website","url":"https:\/\/cortelazzi.cz\/","name":"Cortelazzi","description":"Food service","potentialAction":[{"@type":"SearchAction","target":{"@type":"EntryPoint","urlTemplate":"https:\/\/cortelazzi.cz\/?s={search_term_string}"},"query-input":{"@type":"PropertyValueSpecification","valueRequired":true,"valueName":"search_term_string"}}],"inLanguage":"cs"},{"@type":"Person","@id":"https:\/\/cortelazzi.cz\/#\/schema\/person\/55627b6d7c4bafce414646985165f0b3","name":"creativart","image":{"@type":"ImageObject","inLanguage":"cs","@id":"https:\/\/secure.gravatar.com\/avatar\/75acd4aacb5b25d963dbd1242c684774ca8b2d624816b849d6435b8d67df8998?s=96&d=mm&r=g","url":"https:\/\/secure.gravatar.com\/avatar\/75acd4aacb5b25d963dbd1242c684774ca8b2d624816b849d6435b8d67df8998?s=96&d=mm&r=g","contentUrl":"https:\/\/secure.gravatar.com\/avatar\/75acd4aacb5b25d963dbd1242c684774ca8b2d624816b849d6435b8d67df8998?s=96&d=mm&r=g","caption":"creativart"},"sameAs":["https:\/\/www.creativart.cloud\/cortelazzi"],"url":"https:\/\/cortelazzi.cz\/cs\/author\/creativart\/"}]}},"jetpack_featured_media_url":"https:\/\/cortelazzi.cz\/wp-content\/uploads\/2025\/03\/MARZO.png","jetpack_sharing_enabled":true,"_links":{"self":[{"href":"https:\/\/cortelazzi.cz\/cs\/wp-json\/wp\/v2\/posts\/22524","targetHints":{"allow":["GET"]}}],"collection":[{"href":"https:\/\/cortelazzi.cz\/cs\/wp-json\/wp\/v2\/posts"}],"about":[{"href":"https:\/\/cortelazzi.cz\/cs\/wp-json\/wp\/v2\/types\/post"}],"author":[{"embeddable":true,"href":"https:\/\/cortelazzi.cz\/cs\/wp-json\/wp\/v2\/users\/1"}],"replies":[{"embeddable":true,"href":"https:\/\/cortelazzi.cz\/cs\/wp-json\/wp\/v2\/comments?post=22524"}],"version-history":[{"count":4,"href":"https:\/\/cortelazzi.cz\/cs\/wp-json\/wp\/v2\/posts\/22524\/revisions"}],"predecessor-version":[{"id":22767,"href":"https:\/\/cortelazzi.cz\/cs\/wp-json\/wp\/v2\/posts\/22524\/revisions\/22767"}],"wp:featuredmedia":[{"embeddable":true,"href":"https:\/\/cortelazzi.cz\/cs\/wp-json\/wp\/v2\/media\/22704"}],"wp:attachment":[{"href":"https:\/\/cortelazzi.cz\/cs\/wp-json\/wp\/v2\/media?parent=22524"}],"wp:term":[{"taxonomy":"category","embeddable":true,"href":"https:\/\/cortelazzi.cz\/cs\/wp-json\/wp\/v2\/categories?post=22524"},{"taxonomy":"post_tag","embeddable":true,"href":"https:\/\/cortelazzi.cz\/cs\/wp-json\/wp\/v2\/tags?post=22524"}],"curies":[{"name":"wp","href":"https:\/\/api.w.org\/{rel}","templated":true}]}}