
{"id":23043,"date":"2025-07-14T11:49:19","date_gmt":"2025-07-14T09:49:19","guid":{"rendered":"https:\/\/cortelazzi.cz\/?p=23043"},"modified":"2025-07-17T18:03:22","modified_gmt":"2025-07-17T16:03:22","slug":"paccheri-s-omackou-z-rajcat-datterino-syrem-burrata-a-pistaciemi-la-rosa-dei-gusti","status":"publish","type":"post","link":"https:\/\/cortelazzi.cz\/cs\/paccheri-s-omackou-z-rajcat-datterino-syrem-burrata-a-pistaciemi-la-rosa-dei-gusti\/","title":{"rendered":"Paccheri s om\u00e1\u010dkou z raj\u010dat datterino, s\u00fdrem burrata a pist\u00e1ciemi La Rosa dei Gusti"},"content":{"rendered":"\n<h1 class=\"wp-block-heading\"><strong>Paccheri s om\u00e1\u010dkou z raj\u010dat datterino, s\u00fdrem burrata a pist\u00e1ciemi La Rosa dei Gusti<\/strong><\/h1>\n\n\n\n<h2 class=\"wp-block-heading\"><strong>Ingredience<\/strong><\/h2>\n\n\n\n<ul class=\"wp-block-list\">\n<li>Paccheri Orogiallo<\/li>\n\n\n\n<li>S\u016fl podle chuti<\/li>\n\n\n\n<li>Raj\u010datov\u00e1 om\u00e1\u010dka z datterino La Rosa dei Gusti<\/li>\n\n\n\n<li>Burrata La Rosa dei Gusti<\/li>\n\n\n\n<li>Nasekan\u00e9 pist\u00e1cie La Rosa dei Gusti<\/li>\n<\/ul>\n\n\n\n<h3 class=\"wp-block-heading\"><strong>Postup<\/strong><\/h3>\n\n\n\n<p>Paccheri uva\u0159te v dostate\u010dn\u00e9m mno\u017estv\u00ed osolen\u00e9 vody. Mezit\u00edm nalijte do p\u00e1nve raj\u010datovou om\u00e1\u010dku z datterino La Rosa dei Gusti spolu s trochou soli a pep\u0159e.<br>Po uva\u0159en\u00ed sce\u010fte t\u011bstoviny p\u0159\u00edmo do p\u00e1nve s om\u00e1\u010dkou a prom\u00edchejte, aby se chut\u011b spojily. Pot\u00e9 pod\u00e1vejte, p\u0159idejte burratu na t\u011bstoviny a ozdobte nasekan\u00fdmi pist\u00e1ciemi La Rosa dei Gusti.<\/p>\n\n\n\n<p><strong>Hotovo za 15 minut<\/strong><\/p>\n","protected":false},"excerpt":{"rendered":"<p>Paccheri uva\u0159te v dostate\u010dn\u00e9m mno\u017estv\u00ed osolen\u00e9 vody. Mezit\u00edm nalijte do p\u00e1nve raj\u010datovou om\u00e1\u010dku z datterino La Rosa dei Gusti spolu s trochou soli a pep\u0159e.<br \/>\nPo uva\u0159en\u00ed sce\u010fte t\u011bstoviny p\u0159\u00edmo do p\u00e1nve s om\u00e1\u010dkou a prom\u00edchejte, aby se chut\u011b spojily. Pot\u00e9 pod\u00e1vejte, p\u0159idejte burratu na t\u011bstoviny a ozdobte nasekan\u00fdmi pist\u00e1ciemi La Rosa dei Gusti.<\/p>\n","protected":false},"author":1,"featured_media":23561,"comment_status":"closed","ping_status":"closed","sticky":false,"template":"","format":"standard","meta":{"inline_featured_image":false,"_jetpack_memberships_contains_paid_content":false,"footnotes":"","_links_to":"","_links_to_target":""},"categories":[329],"tags":[179,148],"class_list":["post-23043","post","type-post","status-publish","format-standard","has-post-thumbnail","hentry","category-produkty-la-rosa-dei-gusti","tag-primo-piatto","tag-sorbetto-al-limone"],"yoast_head":"<!-- This site is optimized with the Yoast SEO plugin v27.4 - https:\/\/yoast.com\/product\/yoast-seo-wordpress\/ -->\n<title>Paccheri s om\u00e1\u010dkou z raj\u010dat datterino, s\u00fdrem burrata a pist\u00e1ciemi - Cortelazzi<\/title>\n<meta name=\"description\" content=\"Paccheri uva\u0159te v dostate\u010dn\u00e9m mno\u017estv\u00ed osolen\u00e9 vody. Mezit\u00edm nalijte do p\u00e1nve raj\u010datovou om\u00e1\u010dku z datterino La Rosa dei Gusti.\" \/>\n<meta name=\"robots\" content=\"index, follow, max-snippet:-1, max-image-preview:large, max-video-preview:-1\" \/>\n<link rel=\"canonical\" href=\"https:\/\/cortelazzi.cz\/paccheri-con-salsa-di-datterino-burrata-e-pistacchi-la-rosa-dei-gusti\/\" \/>\n<meta property=\"og:locale\" content=\"cs_CZ\" \/>\n<meta property=\"og:type\" content=\"article\" \/>\n<meta property=\"og:title\" content=\"Paccheri s om\u00e1\u010dkou z raj\u010dat datterino, s\u00fdrem burrata a pist\u00e1ciemi - Cortelazzi\" \/>\n<meta property=\"og:description\" content=\"Paccheri uva\u0159te v dostate\u010dn\u00e9m mno\u017estv\u00ed osolen\u00e9 vody. Mezit\u00edm nalijte do p\u00e1nve raj\u010datovou om\u00e1\u010dku z datterino La Rosa dei Gusti.\" \/>\n<meta property=\"og:url\" content=\"https:\/\/cortelazzi.cz\/paccheri-con-salsa-di-datterino-burrata-e-pistacchi-la-rosa-dei-gusti\/\" \/>\n<meta property=\"og:site_name\" content=\"Cortelazzi\" \/>\n<meta property=\"article:published_time\" content=\"2025-07-14T09:49:19+00:00\" \/>\n<meta property=\"article:modified_time\" content=\"2025-07-17T16:03:22+00:00\" \/>\n<meta property=\"og:image\" content=\"https:\/\/cortelazzi.cz\/wp-content\/uploads\/2025\/07\/2paccheri-pomodoro-e-burrata.jpg\" \/>\n\t<meta property=\"og:image:width\" content=\"1067\" \/>\n\t<meta property=\"og:image:height\" content=\"703\" \/>\n\t<meta property=\"og:image:type\" content=\"image\/jpeg\" \/>\n<meta name=\"author\" content=\"creativart\" \/>\n<meta name=\"twitter:card\" content=\"summary_large_image\" \/>\n<meta name=\"twitter:label1\" content=\"Napsal(a)\" \/>\n\t<meta name=\"twitter:data1\" content=\"creativart\" \/>\n\t<meta name=\"twitter:label2\" content=\"Odhadovan\u00e1 doba \u010dten\u00ed\" \/>\n\t<meta name=\"twitter:data2\" content=\"1 minuta\" \/>\n<script type=\"application\/ld+json\" class=\"yoast-schema-graph\">{\"@context\":\"https:\\\/\\\/schema.org\",\"@graph\":[{\"@type\":\"Article\",\"@id\":\"https:\\\/\\\/cortelazzi.cz\\\/paccheri-con-salsa-di-datterino-burrata-e-pistacchi-la-rosa-dei-gusti\\\/#article\",\"isPartOf\":{\"@id\":\"https:\\\/\\\/cortelazzi.cz\\\/paccheri-con-salsa-di-datterino-burrata-e-pistacchi-la-rosa-dei-gusti\\\/\"},\"author\":{\"name\":\"creativart\",\"@id\":\"https:\\\/\\\/cortelazzi.cz\\\/#\\\/schema\\\/person\\\/55627b6d7c4bafce414646985165f0b3\"},\"headline\":\"Paccheri s om\u00e1\u010dkou z raj\u010dat datterino, s\u00fdrem burrata a pist\u00e1ciemi La Rosa dei Gusti\",\"datePublished\":\"2025-07-14T09:49:19+00:00\",\"dateModified\":\"2025-07-17T16:03:22+00:00\",\"mainEntityOfPage\":{\"@id\":\"https:\\\/\\\/cortelazzi.cz\\\/paccheri-con-salsa-di-datterino-burrata-e-pistacchi-la-rosa-dei-gusti\\\/\"},\"wordCount\":144,\"image\":{\"@id\":\"https:\\\/\\\/cortelazzi.cz\\\/paccheri-con-salsa-di-datterino-burrata-e-pistacchi-la-rosa-dei-gusti\\\/#primaryimage\"},\"thumbnailUrl\":\"https:\\\/\\\/cortelazzi.cz\\\/wp-content\\\/uploads\\\/2025\\\/07\\\/2paccheri-pomodoro-e-burrata.jpg\",\"keywords\":[\"primo piatto\",\"sorbetto al limone\"],\"articleSection\":[\"Produkty La Rosa dei Gusti\"],\"inLanguage\":\"cs\"},{\"@type\":\"WebPage\",\"@id\":\"https:\\\/\\\/cortelazzi.cz\\\/paccheri-con-salsa-di-datterino-burrata-e-pistacchi-la-rosa-dei-gusti\\\/\",\"url\":\"https:\\\/\\\/cortelazzi.cz\\\/paccheri-con-salsa-di-datterino-burrata-e-pistacchi-la-rosa-dei-gusti\\\/\",\"name\":\"Paccheri s om\u00e1\u010dkou z raj\u010dat datterino, s\u00fdrem burrata a pist\u00e1ciemi - Cortelazzi\",\"isPartOf\":{\"@id\":\"https:\\\/\\\/cortelazzi.cz\\\/#website\"},\"primaryImageOfPage\":{\"@id\":\"https:\\\/\\\/cortelazzi.cz\\\/paccheri-con-salsa-di-datterino-burrata-e-pistacchi-la-rosa-dei-gusti\\\/#primaryimage\"},\"image\":{\"@id\":\"https:\\\/\\\/cortelazzi.cz\\\/paccheri-con-salsa-di-datterino-burrata-e-pistacchi-la-rosa-dei-gusti\\\/#primaryimage\"},\"thumbnailUrl\":\"https:\\\/\\\/cortelazzi.cz\\\/wp-content\\\/uploads\\\/2025\\\/07\\\/2paccheri-pomodoro-e-burrata.jpg\",\"datePublished\":\"2025-07-14T09:49:19+00:00\",\"dateModified\":\"2025-07-17T16:03:22+00:00\",\"author\":{\"@id\":\"https:\\\/\\\/cortelazzi.cz\\\/#\\\/schema\\\/person\\\/55627b6d7c4bafce414646985165f0b3\"},\"description\":\"Paccheri uva\u0159te v dostate\u010dn\u00e9m mno\u017estv\u00ed osolen\u00e9 vody. Mezit\u00edm nalijte do p\u00e1nve raj\u010datovou om\u00e1\u010dku z datterino La Rosa dei Gusti.\",\"breadcrumb\":{\"@id\":\"https:\\\/\\\/cortelazzi.cz\\\/paccheri-con-salsa-di-datterino-burrata-e-pistacchi-la-rosa-dei-gusti\\\/#breadcrumb\"},\"inLanguage\":\"cs\",\"potentialAction\":[{\"@type\":\"ReadAction\",\"target\":[\"https:\\\/\\\/cortelazzi.cz\\\/paccheri-con-salsa-di-datterino-burrata-e-pistacchi-la-rosa-dei-gusti\\\/\"]}]},{\"@type\":\"ImageObject\",\"inLanguage\":\"cs\",\"@id\":\"https:\\\/\\\/cortelazzi.cz\\\/paccheri-con-salsa-di-datterino-burrata-e-pistacchi-la-rosa-dei-gusti\\\/#primaryimage\",\"url\":\"https:\\\/\\\/cortelazzi.cz\\\/wp-content\\\/uploads\\\/2025\\\/07\\\/2paccheri-pomodoro-e-burrata.jpg\",\"contentUrl\":\"https:\\\/\\\/cortelazzi.cz\\\/wp-content\\\/uploads\\\/2025\\\/07\\\/2paccheri-pomodoro-e-burrata.jpg\",\"width\":1067,\"height\":703},{\"@type\":\"BreadcrumbList\",\"@id\":\"https:\\\/\\\/cortelazzi.cz\\\/paccheri-con-salsa-di-datterino-burrata-e-pistacchi-la-rosa-dei-gusti\\\/#breadcrumb\",\"itemListElement\":[{\"@type\":\"ListItem\",\"position\":1,\"name\":\"Home\",\"item\":\"https:\\\/\\\/cortelazzi.cz\\\/cs\\\/\"},{\"@type\":\"ListItem\",\"position\":2,\"name\":\"Paccheri s om\u00e1\u010dkou z raj\u010dat datterino, s\u00fdrem burrata a pist\u00e1ciemi La Rosa dei Gusti\"}]},{\"@type\":\"WebSite\",\"@id\":\"https:\\\/\\\/cortelazzi.cz\\\/#website\",\"url\":\"https:\\\/\\\/cortelazzi.cz\\\/\",\"name\":\"Cortelazzi\",\"description\":\"Food service\",\"potentialAction\":[{\"@type\":\"SearchAction\",\"target\":{\"@type\":\"EntryPoint\",\"urlTemplate\":\"https:\\\/\\\/cortelazzi.cz\\\/?s={search_term_string}\"},\"query-input\":{\"@type\":\"PropertyValueSpecification\",\"valueRequired\":true,\"valueName\":\"search_term_string\"}}],\"inLanguage\":\"cs\"},{\"@type\":\"Person\",\"@id\":\"https:\\\/\\\/cortelazzi.cz\\\/#\\\/schema\\\/person\\\/55627b6d7c4bafce414646985165f0b3\",\"name\":\"creativart\",\"image\":{\"@type\":\"ImageObject\",\"inLanguage\":\"cs\",\"@id\":\"https:\\\/\\\/secure.gravatar.com\\\/avatar\\\/75acd4aacb5b25d963dbd1242c684774ca8b2d624816b849d6435b8d67df8998?s=96&d=mm&r=g\",\"url\":\"https:\\\/\\\/secure.gravatar.com\\\/avatar\\\/75acd4aacb5b25d963dbd1242c684774ca8b2d624816b849d6435b8d67df8998?s=96&d=mm&r=g\",\"contentUrl\":\"https:\\\/\\\/secure.gravatar.com\\\/avatar\\\/75acd4aacb5b25d963dbd1242c684774ca8b2d624816b849d6435b8d67df8998?s=96&d=mm&r=g\",\"caption\":\"creativart\"},\"sameAs\":[\"https:\\\/\\\/www.creativart.cloud\\\/cortelazzi\"],\"url\":\"https:\\\/\\\/cortelazzi.cz\\\/cs\\\/author\\\/creativart\\\/\"}]}<\/script>\n<!-- \/ Yoast SEO plugin. -->","yoast_head_json":{"title":"Paccheri s om\u00e1\u010dkou z raj\u010dat datterino, s\u00fdrem burrata a pist\u00e1ciemi - Cortelazzi","description":"Paccheri uva\u0159te v dostate\u010dn\u00e9m mno\u017estv\u00ed osolen\u00e9 vody. Mezit\u00edm nalijte do p\u00e1nve raj\u010datovou om\u00e1\u010dku z datterino La Rosa dei Gusti.","robots":{"index":"index","follow":"follow","max-snippet":"max-snippet:-1","max-image-preview":"max-image-preview:large","max-video-preview":"max-video-preview:-1"},"canonical":"https:\/\/cortelazzi.cz\/paccheri-con-salsa-di-datterino-burrata-e-pistacchi-la-rosa-dei-gusti\/","og_locale":"cs_CZ","og_type":"article","og_title":"Paccheri s om\u00e1\u010dkou z raj\u010dat datterino, s\u00fdrem burrata a pist\u00e1ciemi - Cortelazzi","og_description":"Paccheri uva\u0159te v dostate\u010dn\u00e9m mno\u017estv\u00ed osolen\u00e9 vody. Mezit\u00edm nalijte do p\u00e1nve raj\u010datovou om\u00e1\u010dku z datterino La Rosa dei Gusti.","og_url":"https:\/\/cortelazzi.cz\/paccheri-con-salsa-di-datterino-burrata-e-pistacchi-la-rosa-dei-gusti\/","og_site_name":"Cortelazzi","article_published_time":"2025-07-14T09:49:19+00:00","article_modified_time":"2025-07-17T16:03:22+00:00","og_image":[{"width":1067,"height":703,"url":"https:\/\/cortelazzi.cz\/wp-content\/uploads\/2025\/07\/2paccheri-pomodoro-e-burrata.jpg","type":"image\/jpeg"}],"author":"creativart","twitter_card":"summary_large_image","twitter_misc":{"Napsal(a)":"creativart","Odhadovan\u00e1 doba \u010dten\u00ed":"1 minuta"},"schema":{"@context":"https:\/\/schema.org","@graph":[{"@type":"Article","@id":"https:\/\/cortelazzi.cz\/paccheri-con-salsa-di-datterino-burrata-e-pistacchi-la-rosa-dei-gusti\/#article","isPartOf":{"@id":"https:\/\/cortelazzi.cz\/paccheri-con-salsa-di-datterino-burrata-e-pistacchi-la-rosa-dei-gusti\/"},"author":{"name":"creativart","@id":"https:\/\/cortelazzi.cz\/#\/schema\/person\/55627b6d7c4bafce414646985165f0b3"},"headline":"Paccheri s om\u00e1\u010dkou z raj\u010dat datterino, s\u00fdrem burrata a pist\u00e1ciemi La Rosa dei Gusti","datePublished":"2025-07-14T09:49:19+00:00","dateModified":"2025-07-17T16:03:22+00:00","mainEntityOfPage":{"@id":"https:\/\/cortelazzi.cz\/paccheri-con-salsa-di-datterino-burrata-e-pistacchi-la-rosa-dei-gusti\/"},"wordCount":144,"image":{"@id":"https:\/\/cortelazzi.cz\/paccheri-con-salsa-di-datterino-burrata-e-pistacchi-la-rosa-dei-gusti\/#primaryimage"},"thumbnailUrl":"https:\/\/cortelazzi.cz\/wp-content\/uploads\/2025\/07\/2paccheri-pomodoro-e-burrata.jpg","keywords":["primo piatto","sorbetto al limone"],"articleSection":["Produkty La Rosa dei Gusti"],"inLanguage":"cs"},{"@type":"WebPage","@id":"https:\/\/cortelazzi.cz\/paccheri-con-salsa-di-datterino-burrata-e-pistacchi-la-rosa-dei-gusti\/","url":"https:\/\/cortelazzi.cz\/paccheri-con-salsa-di-datterino-burrata-e-pistacchi-la-rosa-dei-gusti\/","name":"Paccheri s om\u00e1\u010dkou z raj\u010dat datterino, s\u00fdrem burrata a pist\u00e1ciemi - Cortelazzi","isPartOf":{"@id":"https:\/\/cortelazzi.cz\/#website"},"primaryImageOfPage":{"@id":"https:\/\/cortelazzi.cz\/paccheri-con-salsa-di-datterino-burrata-e-pistacchi-la-rosa-dei-gusti\/#primaryimage"},"image":{"@id":"https:\/\/cortelazzi.cz\/paccheri-con-salsa-di-datterino-burrata-e-pistacchi-la-rosa-dei-gusti\/#primaryimage"},"thumbnailUrl":"https:\/\/cortelazzi.cz\/wp-content\/uploads\/2025\/07\/2paccheri-pomodoro-e-burrata.jpg","datePublished":"2025-07-14T09:49:19+00:00","dateModified":"2025-07-17T16:03:22+00:00","author":{"@id":"https:\/\/cortelazzi.cz\/#\/schema\/person\/55627b6d7c4bafce414646985165f0b3"},"description":"Paccheri uva\u0159te v dostate\u010dn\u00e9m mno\u017estv\u00ed osolen\u00e9 vody. Mezit\u00edm nalijte do p\u00e1nve raj\u010datovou om\u00e1\u010dku z datterino La Rosa dei Gusti.","breadcrumb":{"@id":"https:\/\/cortelazzi.cz\/paccheri-con-salsa-di-datterino-burrata-e-pistacchi-la-rosa-dei-gusti\/#breadcrumb"},"inLanguage":"cs","potentialAction":[{"@type":"ReadAction","target":["https:\/\/cortelazzi.cz\/paccheri-con-salsa-di-datterino-burrata-e-pistacchi-la-rosa-dei-gusti\/"]}]},{"@type":"ImageObject","inLanguage":"cs","@id":"https:\/\/cortelazzi.cz\/paccheri-con-salsa-di-datterino-burrata-e-pistacchi-la-rosa-dei-gusti\/#primaryimage","url":"https:\/\/cortelazzi.cz\/wp-content\/uploads\/2025\/07\/2paccheri-pomodoro-e-burrata.jpg","contentUrl":"https:\/\/cortelazzi.cz\/wp-content\/uploads\/2025\/07\/2paccheri-pomodoro-e-burrata.jpg","width":1067,"height":703},{"@type":"BreadcrumbList","@id":"https:\/\/cortelazzi.cz\/paccheri-con-salsa-di-datterino-burrata-e-pistacchi-la-rosa-dei-gusti\/#breadcrumb","itemListElement":[{"@type":"ListItem","position":1,"name":"Home","item":"https:\/\/cortelazzi.cz\/cs\/"},{"@type":"ListItem","position":2,"name":"Paccheri s om\u00e1\u010dkou z raj\u010dat datterino, s\u00fdrem burrata a pist\u00e1ciemi La Rosa dei Gusti"}]},{"@type":"WebSite","@id":"https:\/\/cortelazzi.cz\/#website","url":"https:\/\/cortelazzi.cz\/","name":"Cortelazzi","description":"Food service","potentialAction":[{"@type":"SearchAction","target":{"@type":"EntryPoint","urlTemplate":"https:\/\/cortelazzi.cz\/?s={search_term_string}"},"query-input":{"@type":"PropertyValueSpecification","valueRequired":true,"valueName":"search_term_string"}}],"inLanguage":"cs"},{"@type":"Person","@id":"https:\/\/cortelazzi.cz\/#\/schema\/person\/55627b6d7c4bafce414646985165f0b3","name":"creativart","image":{"@type":"ImageObject","inLanguage":"cs","@id":"https:\/\/secure.gravatar.com\/avatar\/75acd4aacb5b25d963dbd1242c684774ca8b2d624816b849d6435b8d67df8998?s=96&d=mm&r=g","url":"https:\/\/secure.gravatar.com\/avatar\/75acd4aacb5b25d963dbd1242c684774ca8b2d624816b849d6435b8d67df8998?s=96&d=mm&r=g","contentUrl":"https:\/\/secure.gravatar.com\/avatar\/75acd4aacb5b25d963dbd1242c684774ca8b2d624816b849d6435b8d67df8998?s=96&d=mm&r=g","caption":"creativart"},"sameAs":["https:\/\/www.creativart.cloud\/cortelazzi"],"url":"https:\/\/cortelazzi.cz\/cs\/author\/creativart\/"}]}},"jetpack_featured_media_url":"https:\/\/cortelazzi.cz\/wp-content\/uploads\/2025\/07\/2paccheri-pomodoro-e-burrata.jpg","jetpack_sharing_enabled":true,"_links":{"self":[{"href":"https:\/\/cortelazzi.cz\/cs\/wp-json\/wp\/v2\/posts\/23043","targetHints":{"allow":["GET"]}}],"collection":[{"href":"https:\/\/cortelazzi.cz\/cs\/wp-json\/wp\/v2\/posts"}],"about":[{"href":"https:\/\/cortelazzi.cz\/cs\/wp-json\/wp\/v2\/types\/post"}],"author":[{"embeddable":true,"href":"https:\/\/cortelazzi.cz\/cs\/wp-json\/wp\/v2\/users\/1"}],"replies":[{"embeddable":true,"href":"https:\/\/cortelazzi.cz\/cs\/wp-json\/wp\/v2\/comments?post=23043"}],"version-history":[{"count":2,"href":"https:\/\/cortelazzi.cz\/cs\/wp-json\/wp\/v2\/posts\/23043\/revisions"}],"predecessor-version":[{"id":23070,"href":"https:\/\/cortelazzi.cz\/cs\/wp-json\/wp\/v2\/posts\/23043\/revisions\/23070"}],"wp:featuredmedia":[{"embeddable":true,"href":"https:\/\/cortelazzi.cz\/cs\/wp-json\/wp\/v2\/media\/23561"}],"wp:attachment":[{"href":"https:\/\/cortelazzi.cz\/cs\/wp-json\/wp\/v2\/media?parent=23043"}],"wp:term":[{"taxonomy":"category","embeddable":true,"href":"https:\/\/cortelazzi.cz\/cs\/wp-json\/wp\/v2\/categories?post=23043"},{"taxonomy":"post_tag","embeddable":true,"href":"https:\/\/cortelazzi.cz\/cs\/wp-json\/wp\/v2\/tags?post=23043"}],"curies":[{"name":"wp","href":"https:\/\/api.w.org\/{rel}","templated":true}]}}