
{"id":23058,"date":"2025-07-14T11:44:08","date_gmt":"2025-07-14T09:44:08","guid":{"rendered":"https:\/\/cortelazzi.cz\/?p=23058"},"modified":"2025-07-17T18:03:27","modified_gmt":"2025-07-17T16:03:27","slug":"bruschetta-s-rajcatovou-omackou-z-datterino-a-nduja-la-rosa-dei-gusti","status":"publish","type":"post","link":"https:\/\/cortelazzi.cz\/cs\/bruschetta-s-rajcatovou-omackou-z-datterino-a-nduja-la-rosa-dei-gusti\/","title":{"rendered":"BRUSCHETTA S RAJ\u010cATOVOU OM\u00c1\u010cKOU Z DATTERINO A &#8216;NDUJA LA ROSA DEI GUSTI"},"content":{"rendered":"\n<h1 class=\"wp-block-heading\"><strong>BRUSCHETTA S RAJ\u010cATOVOU OM\u00c1\u010cKOU Z DATTERINO A &#8216;NDUJA LA ROSA DEI GUSTI<\/strong><\/h1>\n\n\n\n<h2 class=\"wp-block-heading\"><strong>Ingredience<\/strong><\/h2>\n\n\n\n<ul class=\"wp-block-list\">\n<li>8 pl\u00e1tk\u016f dom\u00e1c\u00edho chleba<\/li>\n\n\n\n<li>Passata z cherry raj\u010dat La Rosa dei Gusti<\/li>\n\n\n\n<li>\u2018Nduja La Rosa dei Gusti (mno\u017estv\u00ed podle chuti)<\/li>\n\n\n\n<li>Zral\u00e1 cherry raj\u010data (asi 150 g)<\/li>\n\n\n\n<li>Extra panensk\u00fd olivov\u00fd olej<\/li>\n\n\n\n<li>\u010cerstv\u00e9 l\u00edstky bazalky<\/li>\n\n\n\n<li>Mo\u0159sk\u00e1 s\u016fl podle chuti<\/li>\n\n\n\n<li>\u010cerstv\u011b mlet\u00fd \u010dern\u00fd pep\u0159<\/li>\n<\/ul>\n\n\n\n<h3 class=\"wp-block-heading\"><strong>Postup<\/strong><\/h3>\n\n\n\n<ol class=\"wp-block-list\">\n<li>Omyjte cherry raj\u010data a nakr\u00e1jejte je na mal\u00e9 kousky.<\/li>\n\n\n\n<li>V m\u00edse sm\u00edchejte nakr\u00e1jen\u00e1 cherry raj\u010data s passatou z cherry raj\u010dat La Rosa dei Gusti, \u2018Ndujou La Rosa dei Gusti, \u0161petkou mo\u0159sk\u00e9 soli a \u010derstv\u011b mlet\u00fdm \u010dern\u00fdm pep\u0159em. P\u0159idejte trochu extra panensk\u00e9ho olivov\u00e9ho oleje a dob\u0159e prom\u00edchejte, dokud nevznikne homogenn\u00ed a chutn\u00e1 sm\u011bs.<\/li>\n\n\n\n<li>P\u0159edeh\u0159ejte gril nebo nep\u0159ilnavou p\u00e1nev a ope\u010dte pl\u00e1tky chleba asi 2 minuty z ka\u017ed\u00e9 strany, dokud nebudou dob\u0159e ope\u010den\u00e9 a k\u0159upav\u00e9.<\/li>\n\n\n\n<li>Bohat\u011b pot\u0159ete sm\u011bs\u00ed raj\u010dat a \u2018Nduji tepl\u00e9 pl\u00e1tky chleba.<\/li>\n\n\n\n<li>Ka\u017edou bruschettu ozdobte l\u00edstkem \u010derstv\u00e9 bazalky pro dotek sv\u011b\u017eesti a barvy.<\/li>\n<\/ol>\n\n\n\n<h3 class=\"wp-block-heading\"><strong>Rada \u0161\u00e9fkucha\u0159e<\/strong><\/h3>\n\n\n\n<p>Pro maxim\u00e1ln\u00ed zv\u00fdrazn\u011bn\u00ed autentick\u00e9 chuti a kvality produkt\u016f La Rosa dei Gusti pod\u00e1vejte bruschetta ihned, aby si zachovaly k\u0159upavost chleba a \u010derstvost ingredienc\u00ed. Tento jednoduch\u00fd a chutn\u00fd recept je dokonal\u00fdm p\u0159\u00edkladem toho, jak vybran\u00e9 a prav\u00e9 produkty z \u0159ady La Rosa dei Gusti mohou prom\u011bnit tradi\u010dn\u00ed p\u0159edkrm v jedine\u010dn\u00fd a autentick\u00fd kulin\u00e1\u0159sk\u00fd z\u00e1\u017eitek.<\/p>\n","protected":false},"excerpt":{"rendered":"<p>Aby ste \u010do najlep\u0161ie vynikli autentick\u00fa chu\u0165 a kvalitu produktov La Rosa dei Gusti, pod\u00e1vajte bruschetty ihne\u010f, aby si zachovali chrumkavos\u0165 chleba a \u010derstvos\u0165 ingredienci\u00ed. Tento jednoduch\u00fd a chutn\u00fd recept je dokonal\u00fdm pr\u00edkladom toho, ako vybran\u00e9 a prav\u00e9 produkty z l\u00ednie La Rosa dei Gusti m\u00f4\u017eu premeni\u0165 tradi\u010dn\u00fd predjedlo na jedine\u010dn\u00fd a autentick\u00fd kulin\u00e1rsky z\u00e1\u017eitok.<\/p>\n","protected":false},"author":1,"featured_media":23565,"comment_status":"closed","ping_status":"closed","sticky":false,"template":"","format":"standard","meta":{"inline_featured_image":false,"_jetpack_memberships_contains_paid_content":false,"footnotes":"","_links_to":"","_links_to_target":""},"categories":[329],"tags":[191],"class_list":["post-23058","post","type-post","status-publish","format-standard","has-post-thumbnail","hentry","category-produkty-la-rosa-dei-gusti","tag-bruschetta"],"yoast_head":"<!-- This site is optimized with the Yoast SEO plugin v27.4 - https:\/\/yoast.com\/product\/yoast-seo-wordpress\/ -->\n<title>BRUSCHETTA S RAJ\u010cATKY DATTERINO A &#039;NDUJA - Cortelazzi<\/title>\n<meta name=\"description\" content=\"Pro maxim\u00e1ln\u00ed zv\u00fdrazn\u011bn\u00ed autentick\u00e9 chuti a kvality produkt\u016f La Rosa dei Gusti pod\u00e1vejte bruschetta ihned, aby si zachovaly k\u0159upavost chleba\" \/>\n<meta name=\"robots\" content=\"index, follow, max-snippet:-1, max-image-preview:large, max-video-preview:-1\" \/>\n<link rel=\"canonical\" href=\"https:\/\/cortelazzi.cz\/cs\/bruschetta-s-rajcatovou-omackou-z-datterino-a-nduja-la-rosa-dei-gusti\/\" \/>\n<meta property=\"og:locale\" content=\"cs_CZ\" \/>\n<meta property=\"og:type\" content=\"article\" \/>\n<meta property=\"og:title\" content=\"BRUSCHETTA S RAJ\u010cATKY DATTERINO A &#039;NDUJA - Cortelazzi\" \/>\n<meta property=\"og:description\" content=\"Pro maxim\u00e1ln\u00ed zv\u00fdrazn\u011bn\u00ed autentick\u00e9 chuti a kvality produkt\u016f La Rosa dei Gusti pod\u00e1vejte bruschetta ihned, aby si zachovaly k\u0159upavost chleba\" \/>\n<meta property=\"og:url\" content=\"https:\/\/cortelazzi.cz\/cs\/bruschetta-s-rajcatovou-omackou-z-datterino-a-nduja-la-rosa-dei-gusti\/\" \/>\n<meta property=\"og:site_name\" content=\"Cortelazzi\" \/>\n<meta property=\"article:published_time\" content=\"2025-07-14T09:44:08+00:00\" \/>\n<meta property=\"article:modified_time\" content=\"2025-07-17T16:03:27+00:00\" \/>\n<meta property=\"og:image\" content=\"https:\/\/cortelazzi.cz\/wp-content\/uploads\/2025\/07\/3bruschetta-con-passata-e-nduja.jpg\" \/>\n\t<meta property=\"og:image:width\" content=\"1067\" \/>\n\t<meta property=\"og:image:height\" content=\"703\" \/>\n\t<meta property=\"og:image:type\" content=\"image\/jpeg\" \/>\n<meta name=\"author\" content=\"creativart\" \/>\n<meta name=\"twitter:card\" content=\"summary_large_image\" \/>\n<meta name=\"twitter:label1\" content=\"Napsal(a)\" \/>\n\t<meta name=\"twitter:data1\" content=\"creativart\" \/>\n\t<meta name=\"twitter:label2\" content=\"Odhadovan\u00e1 doba \u010dten\u00ed\" \/>\n\t<meta name=\"twitter:data2\" content=\"2 minuty\" \/>\n<script type=\"application\/ld+json\" class=\"yoast-schema-graph\">{\"@context\":\"https:\\\/\\\/schema.org\",\"@graph\":[{\"@type\":\"Article\",\"@id\":\"https:\\\/\\\/cortelazzi.cz\\\/cs\\\/bruschetta-s-rajcatovou-omackou-z-datterino-a-nduja-la-rosa-dei-gusti\\\/#article\",\"isPartOf\":{\"@id\":\"https:\\\/\\\/cortelazzi.cz\\\/cs\\\/bruschetta-s-rajcatovou-omackou-z-datterino-a-nduja-la-rosa-dei-gusti\\\/\"},\"author\":{\"name\":\"creativart\",\"@id\":\"https:\\\/\\\/cortelazzi.cz\\\/#\\\/schema\\\/person\\\/55627b6d7c4bafce414646985165f0b3\"},\"headline\":\"BRUSCHETTA S RAJ\u010cATOVOU OM\u00c1\u010cKOU Z DATTERINO A &#8216;NDUJA LA ROSA DEI GUSTI\",\"datePublished\":\"2025-07-14T09:44:08+00:00\",\"dateModified\":\"2025-07-17T16:03:27+00:00\",\"mainEntityOfPage\":{\"@id\":\"https:\\\/\\\/cortelazzi.cz\\\/cs\\\/bruschetta-s-rajcatovou-omackou-z-datterino-a-nduja-la-rosa-dei-gusti\\\/\"},\"wordCount\":273,\"image\":{\"@id\":\"https:\\\/\\\/cortelazzi.cz\\\/cs\\\/bruschetta-s-rajcatovou-omackou-z-datterino-a-nduja-la-rosa-dei-gusti\\\/#primaryimage\"},\"thumbnailUrl\":\"https:\\\/\\\/cortelazzi.cz\\\/wp-content\\\/uploads\\\/2025\\\/07\\\/3bruschetta-con-passata-e-nduja.jpg\",\"keywords\":[\"bruschetta\"],\"articleSection\":[\"Produkty La Rosa dei Gusti\"],\"inLanguage\":\"cs\"},{\"@type\":\"WebPage\",\"@id\":\"https:\\\/\\\/cortelazzi.cz\\\/cs\\\/bruschetta-s-rajcatovou-omackou-z-datterino-a-nduja-la-rosa-dei-gusti\\\/\",\"url\":\"https:\\\/\\\/cortelazzi.cz\\\/cs\\\/bruschetta-s-rajcatovou-omackou-z-datterino-a-nduja-la-rosa-dei-gusti\\\/\",\"name\":\"BRUSCHETTA S RAJ\u010cATKY DATTERINO A 'NDUJA - Cortelazzi\",\"isPartOf\":{\"@id\":\"https:\\\/\\\/cortelazzi.cz\\\/#website\"},\"primaryImageOfPage\":{\"@id\":\"https:\\\/\\\/cortelazzi.cz\\\/cs\\\/bruschetta-s-rajcatovou-omackou-z-datterino-a-nduja-la-rosa-dei-gusti\\\/#primaryimage\"},\"image\":{\"@id\":\"https:\\\/\\\/cortelazzi.cz\\\/cs\\\/bruschetta-s-rajcatovou-omackou-z-datterino-a-nduja-la-rosa-dei-gusti\\\/#primaryimage\"},\"thumbnailUrl\":\"https:\\\/\\\/cortelazzi.cz\\\/wp-content\\\/uploads\\\/2025\\\/07\\\/3bruschetta-con-passata-e-nduja.jpg\",\"datePublished\":\"2025-07-14T09:44:08+00:00\",\"dateModified\":\"2025-07-17T16:03:27+00:00\",\"author\":{\"@id\":\"https:\\\/\\\/cortelazzi.cz\\\/#\\\/schema\\\/person\\\/55627b6d7c4bafce414646985165f0b3\"},\"description\":\"Pro maxim\u00e1ln\u00ed zv\u00fdrazn\u011bn\u00ed autentick\u00e9 chuti a kvality produkt\u016f La Rosa dei Gusti pod\u00e1vejte bruschetta ihned, aby si zachovaly k\u0159upavost chleba\",\"breadcrumb\":{\"@id\":\"https:\\\/\\\/cortelazzi.cz\\\/cs\\\/bruschetta-s-rajcatovou-omackou-z-datterino-a-nduja-la-rosa-dei-gusti\\\/#breadcrumb\"},\"inLanguage\":\"cs\",\"potentialAction\":[{\"@type\":\"ReadAction\",\"target\":[\"https:\\\/\\\/cortelazzi.cz\\\/cs\\\/bruschetta-s-rajcatovou-omackou-z-datterino-a-nduja-la-rosa-dei-gusti\\\/\"]}]},{\"@type\":\"ImageObject\",\"inLanguage\":\"cs\",\"@id\":\"https:\\\/\\\/cortelazzi.cz\\\/cs\\\/bruschetta-s-rajcatovou-omackou-z-datterino-a-nduja-la-rosa-dei-gusti\\\/#primaryimage\",\"url\":\"https:\\\/\\\/cortelazzi.cz\\\/wp-content\\\/uploads\\\/2025\\\/07\\\/3bruschetta-con-passata-e-nduja.jpg\",\"contentUrl\":\"https:\\\/\\\/cortelazzi.cz\\\/wp-content\\\/uploads\\\/2025\\\/07\\\/3bruschetta-con-passata-e-nduja.jpg\",\"width\":1067,\"height\":703},{\"@type\":\"BreadcrumbList\",\"@id\":\"https:\\\/\\\/cortelazzi.cz\\\/cs\\\/bruschetta-s-rajcatovou-omackou-z-datterino-a-nduja-la-rosa-dei-gusti\\\/#breadcrumb\",\"itemListElement\":[{\"@type\":\"ListItem\",\"position\":1,\"name\":\"Home\",\"item\":\"https:\\\/\\\/cortelazzi.cz\\\/cs\\\/\"},{\"@type\":\"ListItem\",\"position\":2,\"name\":\"BRUSCHETTA S RAJ\u010cATOVOU OM\u00c1\u010cKOU Z DATTERINO A &#8216;NDUJA LA ROSA DEI GUSTI\"}]},{\"@type\":\"WebSite\",\"@id\":\"https:\\\/\\\/cortelazzi.cz\\\/#website\",\"url\":\"https:\\\/\\\/cortelazzi.cz\\\/\",\"name\":\"Cortelazzi\",\"description\":\"Food service\",\"potentialAction\":[{\"@type\":\"SearchAction\",\"target\":{\"@type\":\"EntryPoint\",\"urlTemplate\":\"https:\\\/\\\/cortelazzi.cz\\\/?s={search_term_string}\"},\"query-input\":{\"@type\":\"PropertyValueSpecification\",\"valueRequired\":true,\"valueName\":\"search_term_string\"}}],\"inLanguage\":\"cs\"},{\"@type\":\"Person\",\"@id\":\"https:\\\/\\\/cortelazzi.cz\\\/#\\\/schema\\\/person\\\/55627b6d7c4bafce414646985165f0b3\",\"name\":\"creativart\",\"image\":{\"@type\":\"ImageObject\",\"inLanguage\":\"cs\",\"@id\":\"https:\\\/\\\/secure.gravatar.com\\\/avatar\\\/75acd4aacb5b25d963dbd1242c684774ca8b2d624816b849d6435b8d67df8998?s=96&d=mm&r=g\",\"url\":\"https:\\\/\\\/secure.gravatar.com\\\/avatar\\\/75acd4aacb5b25d963dbd1242c684774ca8b2d624816b849d6435b8d67df8998?s=96&d=mm&r=g\",\"contentUrl\":\"https:\\\/\\\/secure.gravatar.com\\\/avatar\\\/75acd4aacb5b25d963dbd1242c684774ca8b2d624816b849d6435b8d67df8998?s=96&d=mm&r=g\",\"caption\":\"creativart\"},\"sameAs\":[\"https:\\\/\\\/www.creativart.cloud\\\/cortelazzi\"],\"url\":\"https:\\\/\\\/cortelazzi.cz\\\/cs\\\/author\\\/creativart\\\/\"}]}<\/script>\n<!-- \/ Yoast SEO plugin. -->","yoast_head_json":{"title":"BRUSCHETTA S RAJ\u010cATKY DATTERINO A 'NDUJA - Cortelazzi","description":"Pro maxim\u00e1ln\u00ed zv\u00fdrazn\u011bn\u00ed autentick\u00e9 chuti a kvality produkt\u016f La Rosa dei Gusti pod\u00e1vejte bruschetta ihned, aby si zachovaly k\u0159upavost chleba","robots":{"index":"index","follow":"follow","max-snippet":"max-snippet:-1","max-image-preview":"max-image-preview:large","max-video-preview":"max-video-preview:-1"},"canonical":"https:\/\/cortelazzi.cz\/cs\/bruschetta-s-rajcatovou-omackou-z-datterino-a-nduja-la-rosa-dei-gusti\/","og_locale":"cs_CZ","og_type":"article","og_title":"BRUSCHETTA S RAJ\u010cATKY DATTERINO A 'NDUJA - Cortelazzi","og_description":"Pro maxim\u00e1ln\u00ed zv\u00fdrazn\u011bn\u00ed autentick\u00e9 chuti a kvality produkt\u016f La Rosa dei Gusti pod\u00e1vejte bruschetta ihned, aby si zachovaly k\u0159upavost chleba","og_url":"https:\/\/cortelazzi.cz\/cs\/bruschetta-s-rajcatovou-omackou-z-datterino-a-nduja-la-rosa-dei-gusti\/","og_site_name":"Cortelazzi","article_published_time":"2025-07-14T09:44:08+00:00","article_modified_time":"2025-07-17T16:03:27+00:00","og_image":[{"width":1067,"height":703,"url":"https:\/\/cortelazzi.cz\/wp-content\/uploads\/2025\/07\/3bruschetta-con-passata-e-nduja.jpg","type":"image\/jpeg"}],"author":"creativart","twitter_card":"summary_large_image","twitter_misc":{"Napsal(a)":"creativart","Odhadovan\u00e1 doba \u010dten\u00ed":"2 minuty"},"schema":{"@context":"https:\/\/schema.org","@graph":[{"@type":"Article","@id":"https:\/\/cortelazzi.cz\/cs\/bruschetta-s-rajcatovou-omackou-z-datterino-a-nduja-la-rosa-dei-gusti\/#article","isPartOf":{"@id":"https:\/\/cortelazzi.cz\/cs\/bruschetta-s-rajcatovou-omackou-z-datterino-a-nduja-la-rosa-dei-gusti\/"},"author":{"name":"creativart","@id":"https:\/\/cortelazzi.cz\/#\/schema\/person\/55627b6d7c4bafce414646985165f0b3"},"headline":"BRUSCHETTA S RAJ\u010cATOVOU OM\u00c1\u010cKOU Z DATTERINO A &#8216;NDUJA LA ROSA DEI GUSTI","datePublished":"2025-07-14T09:44:08+00:00","dateModified":"2025-07-17T16:03:27+00:00","mainEntityOfPage":{"@id":"https:\/\/cortelazzi.cz\/cs\/bruschetta-s-rajcatovou-omackou-z-datterino-a-nduja-la-rosa-dei-gusti\/"},"wordCount":273,"image":{"@id":"https:\/\/cortelazzi.cz\/cs\/bruschetta-s-rajcatovou-omackou-z-datterino-a-nduja-la-rosa-dei-gusti\/#primaryimage"},"thumbnailUrl":"https:\/\/cortelazzi.cz\/wp-content\/uploads\/2025\/07\/3bruschetta-con-passata-e-nduja.jpg","keywords":["bruschetta"],"articleSection":["Produkty La Rosa dei Gusti"],"inLanguage":"cs"},{"@type":"WebPage","@id":"https:\/\/cortelazzi.cz\/cs\/bruschetta-s-rajcatovou-omackou-z-datterino-a-nduja-la-rosa-dei-gusti\/","url":"https:\/\/cortelazzi.cz\/cs\/bruschetta-s-rajcatovou-omackou-z-datterino-a-nduja-la-rosa-dei-gusti\/","name":"BRUSCHETTA S RAJ\u010cATKY DATTERINO A 'NDUJA - Cortelazzi","isPartOf":{"@id":"https:\/\/cortelazzi.cz\/#website"},"primaryImageOfPage":{"@id":"https:\/\/cortelazzi.cz\/cs\/bruschetta-s-rajcatovou-omackou-z-datterino-a-nduja-la-rosa-dei-gusti\/#primaryimage"},"image":{"@id":"https:\/\/cortelazzi.cz\/cs\/bruschetta-s-rajcatovou-omackou-z-datterino-a-nduja-la-rosa-dei-gusti\/#primaryimage"},"thumbnailUrl":"https:\/\/cortelazzi.cz\/wp-content\/uploads\/2025\/07\/3bruschetta-con-passata-e-nduja.jpg","datePublished":"2025-07-14T09:44:08+00:00","dateModified":"2025-07-17T16:03:27+00:00","author":{"@id":"https:\/\/cortelazzi.cz\/#\/schema\/person\/55627b6d7c4bafce414646985165f0b3"},"description":"Pro maxim\u00e1ln\u00ed zv\u00fdrazn\u011bn\u00ed autentick\u00e9 chuti a kvality produkt\u016f La Rosa dei Gusti pod\u00e1vejte bruschetta ihned, aby si zachovaly k\u0159upavost chleba","breadcrumb":{"@id":"https:\/\/cortelazzi.cz\/cs\/bruschetta-s-rajcatovou-omackou-z-datterino-a-nduja-la-rosa-dei-gusti\/#breadcrumb"},"inLanguage":"cs","potentialAction":[{"@type":"ReadAction","target":["https:\/\/cortelazzi.cz\/cs\/bruschetta-s-rajcatovou-omackou-z-datterino-a-nduja-la-rosa-dei-gusti\/"]}]},{"@type":"ImageObject","inLanguage":"cs","@id":"https:\/\/cortelazzi.cz\/cs\/bruschetta-s-rajcatovou-omackou-z-datterino-a-nduja-la-rosa-dei-gusti\/#primaryimage","url":"https:\/\/cortelazzi.cz\/wp-content\/uploads\/2025\/07\/3bruschetta-con-passata-e-nduja.jpg","contentUrl":"https:\/\/cortelazzi.cz\/wp-content\/uploads\/2025\/07\/3bruschetta-con-passata-e-nduja.jpg","width":1067,"height":703},{"@type":"BreadcrumbList","@id":"https:\/\/cortelazzi.cz\/cs\/bruschetta-s-rajcatovou-omackou-z-datterino-a-nduja-la-rosa-dei-gusti\/#breadcrumb","itemListElement":[{"@type":"ListItem","position":1,"name":"Home","item":"https:\/\/cortelazzi.cz\/cs\/"},{"@type":"ListItem","position":2,"name":"BRUSCHETTA S RAJ\u010cATOVOU OM\u00c1\u010cKOU Z DATTERINO A &#8216;NDUJA LA ROSA DEI GUSTI"}]},{"@type":"WebSite","@id":"https:\/\/cortelazzi.cz\/#website","url":"https:\/\/cortelazzi.cz\/","name":"Cortelazzi","description":"Food service","potentialAction":[{"@type":"SearchAction","target":{"@type":"EntryPoint","urlTemplate":"https:\/\/cortelazzi.cz\/?s={search_term_string}"},"query-input":{"@type":"PropertyValueSpecification","valueRequired":true,"valueName":"search_term_string"}}],"inLanguage":"cs"},{"@type":"Person","@id":"https:\/\/cortelazzi.cz\/#\/schema\/person\/55627b6d7c4bafce414646985165f0b3","name":"creativart","image":{"@type":"ImageObject","inLanguage":"cs","@id":"https:\/\/secure.gravatar.com\/avatar\/75acd4aacb5b25d963dbd1242c684774ca8b2d624816b849d6435b8d67df8998?s=96&d=mm&r=g","url":"https:\/\/secure.gravatar.com\/avatar\/75acd4aacb5b25d963dbd1242c684774ca8b2d624816b849d6435b8d67df8998?s=96&d=mm&r=g","contentUrl":"https:\/\/secure.gravatar.com\/avatar\/75acd4aacb5b25d963dbd1242c684774ca8b2d624816b849d6435b8d67df8998?s=96&d=mm&r=g","caption":"creativart"},"sameAs":["https:\/\/www.creativart.cloud\/cortelazzi"],"url":"https:\/\/cortelazzi.cz\/cs\/author\/creativart\/"}]}},"jetpack_featured_media_url":"https:\/\/cortelazzi.cz\/wp-content\/uploads\/2025\/07\/3bruschetta-con-passata-e-nduja.jpg","jetpack_sharing_enabled":true,"_links":{"self":[{"href":"https:\/\/cortelazzi.cz\/cs\/wp-json\/wp\/v2\/posts\/23058","targetHints":{"allow":["GET"]}}],"collection":[{"href":"https:\/\/cortelazzi.cz\/cs\/wp-json\/wp\/v2\/posts"}],"about":[{"href":"https:\/\/cortelazzi.cz\/cs\/wp-json\/wp\/v2\/types\/post"}],"author":[{"embeddable":true,"href":"https:\/\/cortelazzi.cz\/cs\/wp-json\/wp\/v2\/users\/1"}],"replies":[{"embeddable":true,"href":"https:\/\/cortelazzi.cz\/cs\/wp-json\/wp\/v2\/comments?post=23058"}],"version-history":[{"count":2,"href":"https:\/\/cortelazzi.cz\/cs\/wp-json\/wp\/v2\/posts\/23058\/revisions"}],"predecessor-version":[{"id":23066,"href":"https:\/\/cortelazzi.cz\/cs\/wp-json\/wp\/v2\/posts\/23058\/revisions\/23066"}],"wp:featuredmedia":[{"embeddable":true,"href":"https:\/\/cortelazzi.cz\/cs\/wp-json\/wp\/v2\/media\/23565"}],"wp:attachment":[{"href":"https:\/\/cortelazzi.cz\/cs\/wp-json\/wp\/v2\/media?parent=23058"}],"wp:term":[{"taxonomy":"category","embeddable":true,"href":"https:\/\/cortelazzi.cz\/cs\/wp-json\/wp\/v2\/categories?post=23058"},{"taxonomy":"post_tag","embeddable":true,"href":"https:\/\/cortelazzi.cz\/cs\/wp-json\/wp\/v2\/tags?post=23058"}],"curies":[{"name":"wp","href":"https:\/\/api.w.org\/{rel}","templated":true}]}}