
{"id":24097,"date":"2025-09-01T10:47:31","date_gmt":"2025-09-01T08:47:31","guid":{"rendered":"https:\/\/cortelazzi.cz\/?p=24097"},"modified":"2025-11-20T10:45:02","modified_gmt":"2025-11-20T09:45:02","slug":"vice-casu-na-objevovani-autentickych-chuti-italie-od-rijna-otevreno-take-v-nedeli-v-praze","status":"publish","type":"post","link":"https:\/\/cortelazzi.cz\/cs\/vice-casu-na-objevovani-autentickych-chuti-italie-od-rijna-otevreno-take-v-nedeli-v-praze\/","title":{"rendered":"V\u00edce \u010dasu na objevov\u00e1n\u00ed autentick\u00fdch chut\u00ed It\u00e1lie: od \u0159\u00edjna otev\u0159eno tak\u00e9 v ned\u011bli v Praze"},"content":{"rendered":"\n<h2 class=\"wp-block-heading\"><strong>V\u00edce \u010dasu na objevov\u00e1n\u00ed autentick\u00fdch chut\u00ed It\u00e1lie: od \u0159\u00edjna otev\u0159eno tak\u00e9 v ned\u011bli v Praze<\/strong><\/h2>\n\n\n\n<p>Dobr\u00e1 zpr\u00e1va pro v\u0161echny milovn\u00edky italsk\u00e9 kuchyn\u011b a gastronomick\u00e9 kultury: od \u0159\u00edjna bude n\u00e1\u0161 prodejn\u00ed ok\u00e9nko i restaurace v Praze otev\u0159ena tak\u00e9 v ned\u011bli! To znamen\u00e1 v\u00edce \u010dasu k tomu, abyste p\u0159i\u0161li objevit a odnesli si dom\u016f prav\u00e9 chut\u011b It\u00e1lie, nakoupili si v klidu nebo si vychutnali lahodn\u00e9 j\u00eddlo v tepl\u00e9 a \u00fatuln\u00e9 atmosf\u00e9\u0159e.<\/p>\n\n\n\n<p><strong>Dal\u0161\u00ed p\u0159\u00edle\u017eitost, jak za\u017e\u00edt It\u00e1lii v Praze<\/strong><\/p>\n\n\n\n<p>V\u00edme, jak je pro na\u0161e z\u00e1kazn\u00edky d\u016fle\u017eit\u00e9 naj\u00edt autentick\u00e9 a kvalitn\u00ed produkty, ale tak\u00e9 si dop\u0159\u00e1t dostatek \u010dasu na gastronomick\u00fd z\u00e1\u017eitek. Proto jsme se rozhodli roz\u0161\u00ed\u0159it otev\u00edrac\u00ed dobu a nab\u00eddnout kompletn\u00ed t\u00fddenn\u00ed provoz \u2013 sedm dn\u00ed v t\u00fddnu. Nez\u00e1le\u017e\u00ed na tom, kter\u00fd den si vyberete, v\u017edy se na n\u00e1s m\u016f\u017eete spolehnout, \u017ee v\u00e1m p\u0159ineseme to nejlep\u0161\u00ed z It\u00e1lie na v\u00e1\u0161 st\u016fl.<\/p>\n\n\n\n<p><strong>Vychutnejte si pravou italskou chu\u0165 ka\u017ed\u00fd den v t\u00fddnu<\/strong><\/p>\n\n\n\n<p>A\u0165 u\u017e chcete nakoupit bohat\u00fd v\u00fdb\u011br italsk\u00fdch specialit \u2013 od s\u00fdr\u016f a uzenin p\u0159es extra panensk\u00fd olivov\u00fd olej a\u017e po kvalitn\u00ed v\u00edna \u2013 nebo si jen dop\u0159\u00e1t chutnou pauzu v na\u0161\u00ed restauraci, od \u0159\u00edjna v\u00e1s r\u00e1di p\u0159iv\u00edt\u00e1me i v ned\u011bli. Je to ide\u00e1ln\u00ed p\u0159\u00edle\u017eitost pro\u017e\u00edt chv\u00edle radosti a relaxace v p\u0159\u00edjemn\u00e9m prost\u0159ed\u00ed, kter\u00e9 v\u00e1s p\u0159enese p\u0159\u00edmo do It\u00e1lie.<\/p>\n\n\n\n<p><strong>N\u00e1\u0161 z\u00e1vazek k autentick\u00e9mu a p\u0159\u00edjemn\u00e9mu z\u00e1\u017eitku<\/strong><\/p>\n\n\n\n<p>Pohostinnost, kvalita a rozmanitost jsou t\u0159i pil\u00ed\u0159e, na kter\u00fdch stoj\u00ed na\u0161e nab\u00eddka. N\u00e1\u0161 t\u00fdm je v\u017edy p\u0159ipraven v\u00e1s p\u0159iv\u00edtat s \u00fasm\u011bvem a pomoci v\u00e1m objevit prav\u00e9 produkty, pe\u010dliv\u011b vybran\u00e9, aby v\u00e1m nab\u00edzely jen to nejlep\u0161\u00ed. V restauraci je ka\u017ed\u00fd pokrm p\u0159ipravov\u00e1n s v\u00e1\u0161n\u00ed a respektem k tradici, aby v\u00e1m p\u0159inesl opravdovou italskou chu\u0165.<\/p>\n\n\n\n<p><strong>Nezme\u0161kejte tuto skv\u011blou p\u0159\u00edle\u017eitost: v\u00edce dn\u00ed na objevov\u00e1n\u00ed, v\u011bt\u0161\u00ed v\u00fdb\u011br a v\u011bt\u0161\u00ed z\u00e1\u017eitek<\/strong><\/p>\n\n\n\n<p>Od \u0159\u00edjna d\u00edky ned\u011bln\u00edmu otev\u00edr\u00e1n\u00ed budete m\u00edt mo\u017enost svobodn\u011bji pl\u00e1novat sv\u00e9 n\u00e1v\u0161t\u011bvy u n\u00e1s, a\u0165 u\u017e na n\u00e1kup, nebo na v\u00fdjime\u010dn\u00e9 j\u00eddlo. T\u011b\u0161\u00edme se na v\u00e1s sedm dn\u00ed v t\u00fddnu v Praze, p\u0159ipraveni nab\u00eddnout v\u00e1m autentick\u00fd z\u00e1\u017eitek pln\u00fd italsk\u00fdch chut\u00ed p\u0159\u00edmo v srdci m\u011bsta.<\/p>\n\n\n\n<p>P\u0159ij\u010fte objevit pravou italskou chu\u0165 ka\u017ed\u00fd den v t\u00fddnu: nakupujte nebo si pochutnejte na j\u00eddle v na\u0161\u00ed restauraci, \u010dekaj\u00ed na v\u00e1s novinky a kvalita, kterou si zaslou\u017e\u00edte!<\/p>\n\n\n\n<p><\/p>\n","protected":false},"excerpt":{"rendered":"<p>Od \u0159\u00edjna budou na\u0161e prodejna i restaurace v Praze otev\u0159eny tak\u00e9 v ned\u011bli! Dal\u0161\u00ed den nav\u00edc, kdy m\u016f\u017eete objevovat prav\u00e9 italsk\u00e9 produkty, nakupovat v klidu nebo si vychutnat v\u00fdborn\u00e9 j\u00eddlo. T\u011b\u0161\u00edme se na v\u00e1s 7 dn\u00ed v t\u00fddnu \u2013 It\u00e1lie je nyn\u00ed v Praze je\u0161t\u011b bl\u00ed\u017e.<\/p>\n","protected":false},"author":1,"featured_media":24441,"comment_status":"closed","ping_status":"closed","sticky":false,"template":"","format":"standard","meta":{"inline_featured_image":false,"_jetpack_memberships_contains_paid_content":false,"footnotes":"","_links_to":"","_links_to_target":""},"categories":[297],"tags":[231],"class_list":["post-24097","post","type-post","status-publish","format-standard","has-post-thumbnail","hentry","category-news-cs","tag-cucina-italiana-cs"],"yoast_head":"<!-- This site is optimized with the Yoast SEO plugin v27.4 - https:\/\/yoast.com\/product\/yoast-seo-wordpress\/ -->\n<title>Od \u0159\u00edjna otev\u0159eno tak\u00e9 v ned\u011bli v Praze<\/title>\n<meta name=\"description\" content=\"V\u00edce \u010dasu na objevov\u00e1n\u00ed autentick\u00fdch chut\u00ed It\u00e1lie: od \u0159\u00edjna otev\u0159eno tak\u00e9 v ned\u011bli v Praze\" \/>\n<meta name=\"robots\" content=\"index, follow, max-snippet:-1, max-image-preview:large, max-video-preview:-1\" \/>\n<link rel=\"canonical\" href=\"https:\/\/cortelazzi.cz\/cs\/vice-casu-na-objevovani-autentickych-chuti-italie-od-rijna-otevreno-take-v-nedeli-v-praze\/\" \/>\n<meta property=\"og:locale\" content=\"cs_CZ\" \/>\n<meta property=\"og:type\" content=\"article\" \/>\n<meta property=\"og:title\" content=\"Od \u0159\u00edjna otev\u0159eno tak\u00e9 v ned\u011bli v Praze\" \/>\n<meta property=\"og:description\" content=\"V\u00edce \u010dasu na objevov\u00e1n\u00ed autentick\u00fdch chut\u00ed It\u00e1lie: od \u0159\u00edjna otev\u0159eno tak\u00e9 v ned\u011bli v Praze\" \/>\n<meta property=\"og:url\" content=\"https:\/\/cortelazzi.cz\/cs\/vice-casu-na-objevovani-autentickych-chuti-italie-od-rijna-otevreno-take-v-nedeli-v-praze\/\" \/>\n<meta property=\"og:site_name\" content=\"Cortelazzi\" \/>\n<meta property=\"article:published_time\" content=\"2025-09-01T08:47:31+00:00\" \/>\n<meta property=\"article:modified_time\" content=\"2025-11-20T09:45:02+00:00\" \/>\n<meta property=\"og:image\" content=\"https:\/\/cortelazzi.cz\/wp-content\/uploads\/2025\/09\/News_Cortelazzi_Settembre_Apertura-Domenica_CZ.jpg\" \/>\n\t<meta property=\"og:image:width\" content=\"1067\" \/>\n\t<meta property=\"og:image:height\" content=\"703\" \/>\n\t<meta property=\"og:image:type\" content=\"image\/jpeg\" \/>\n<meta name=\"author\" content=\"creativart\" \/>\n<meta name=\"twitter:card\" content=\"summary_large_image\" \/>\n<meta name=\"twitter:label1\" content=\"Napsal(a)\" \/>\n\t<meta name=\"twitter:data1\" content=\"creativart\" \/>\n\t<meta name=\"twitter:label2\" content=\"Odhadovan\u00e1 doba \u010dten\u00ed\" \/>\n\t<meta name=\"twitter:data2\" content=\"3 minuty\" \/>\n<script type=\"application\/ld+json\" class=\"yoast-schema-graph\">{\"@context\":\"https:\\\/\\\/schema.org\",\"@graph\":[{\"@type\":\"Article\",\"@id\":\"https:\\\/\\\/cortelazzi.cz\\\/cs\\\/vice-casu-na-objevovani-autentickych-chuti-italie-od-rijna-otevreno-take-v-nedeli-v-praze\\\/#article\",\"isPartOf\":{\"@id\":\"https:\\\/\\\/cortelazzi.cz\\\/cs\\\/vice-casu-na-objevovani-autentickych-chuti-italie-od-rijna-otevreno-take-v-nedeli-v-praze\\\/\"},\"author\":{\"name\":\"creativart\",\"@id\":\"https:\\\/\\\/cortelazzi.cz\\\/#\\\/schema\\\/person\\\/55627b6d7c4bafce414646985165f0b3\"},\"headline\":\"V\u00edce \u010dasu na objevov\u00e1n\u00ed autentick\u00fdch chut\u00ed It\u00e1lie: od \u0159\u00edjna otev\u0159eno tak\u00e9 v ned\u011bli v Praze\",\"datePublished\":\"2025-09-01T08:47:31+00:00\",\"dateModified\":\"2025-11-20T09:45:02+00:00\",\"mainEntityOfPage\":{\"@id\":\"https:\\\/\\\/cortelazzi.cz\\\/cs\\\/vice-casu-na-objevovani-autentickych-chuti-italie-od-rijna-otevreno-take-v-nedeli-v-praze\\\/\"},\"wordCount\":509,\"image\":{\"@id\":\"https:\\\/\\\/cortelazzi.cz\\\/cs\\\/vice-casu-na-objevovani-autentickych-chuti-italie-od-rijna-otevreno-take-v-nedeli-v-praze\\\/#primaryimage\"},\"thumbnailUrl\":\"https:\\\/\\\/cortelazzi.cz\\\/wp-content\\\/uploads\\\/2025\\\/09\\\/News_Cortelazzi_Settembre_Apertura-Domenica_CZ.jpg\",\"keywords\":[\"Italsk\u00e1 kuchyn\u011b\"],\"articleSection\":[\"News\"],\"inLanguage\":\"cs\"},{\"@type\":\"WebPage\",\"@id\":\"https:\\\/\\\/cortelazzi.cz\\\/cs\\\/vice-casu-na-objevovani-autentickych-chuti-italie-od-rijna-otevreno-take-v-nedeli-v-praze\\\/\",\"url\":\"https:\\\/\\\/cortelazzi.cz\\\/cs\\\/vice-casu-na-objevovani-autentickych-chuti-italie-od-rijna-otevreno-take-v-nedeli-v-praze\\\/\",\"name\":\"Od \u0159\u00edjna otev\u0159eno tak\u00e9 v ned\u011bli v Praze\",\"isPartOf\":{\"@id\":\"https:\\\/\\\/cortelazzi.cz\\\/#website\"},\"primaryImageOfPage\":{\"@id\":\"https:\\\/\\\/cortelazzi.cz\\\/cs\\\/vice-casu-na-objevovani-autentickych-chuti-italie-od-rijna-otevreno-take-v-nedeli-v-praze\\\/#primaryimage\"},\"image\":{\"@id\":\"https:\\\/\\\/cortelazzi.cz\\\/cs\\\/vice-casu-na-objevovani-autentickych-chuti-italie-od-rijna-otevreno-take-v-nedeli-v-praze\\\/#primaryimage\"},\"thumbnailUrl\":\"https:\\\/\\\/cortelazzi.cz\\\/wp-content\\\/uploads\\\/2025\\\/09\\\/News_Cortelazzi_Settembre_Apertura-Domenica_CZ.jpg\",\"datePublished\":\"2025-09-01T08:47:31+00:00\",\"dateModified\":\"2025-11-20T09:45:02+00:00\",\"author\":{\"@id\":\"https:\\\/\\\/cortelazzi.cz\\\/#\\\/schema\\\/person\\\/55627b6d7c4bafce414646985165f0b3\"},\"description\":\"V\u00edce \u010dasu na objevov\u00e1n\u00ed autentick\u00fdch chut\u00ed It\u00e1lie: od \u0159\u00edjna otev\u0159eno tak\u00e9 v ned\u011bli v Praze\",\"breadcrumb\":{\"@id\":\"https:\\\/\\\/cortelazzi.cz\\\/cs\\\/vice-casu-na-objevovani-autentickych-chuti-italie-od-rijna-otevreno-take-v-nedeli-v-praze\\\/#breadcrumb\"},\"inLanguage\":\"cs\",\"potentialAction\":[{\"@type\":\"ReadAction\",\"target\":[\"https:\\\/\\\/cortelazzi.cz\\\/cs\\\/vice-casu-na-objevovani-autentickych-chuti-italie-od-rijna-otevreno-take-v-nedeli-v-praze\\\/\"]}]},{\"@type\":\"ImageObject\",\"inLanguage\":\"cs\",\"@id\":\"https:\\\/\\\/cortelazzi.cz\\\/cs\\\/vice-casu-na-objevovani-autentickych-chuti-italie-od-rijna-otevreno-take-v-nedeli-v-praze\\\/#primaryimage\",\"url\":\"https:\\\/\\\/cortelazzi.cz\\\/wp-content\\\/uploads\\\/2025\\\/09\\\/News_Cortelazzi_Settembre_Apertura-Domenica_CZ.jpg\",\"contentUrl\":\"https:\\\/\\\/cortelazzi.cz\\\/wp-content\\\/uploads\\\/2025\\\/09\\\/News_Cortelazzi_Settembre_Apertura-Domenica_CZ.jpg\",\"width\":1067,\"height\":703},{\"@type\":\"BreadcrumbList\",\"@id\":\"https:\\\/\\\/cortelazzi.cz\\\/cs\\\/vice-casu-na-objevovani-autentickych-chuti-italie-od-rijna-otevreno-take-v-nedeli-v-praze\\\/#breadcrumb\",\"itemListElement\":[{\"@type\":\"ListItem\",\"position\":1,\"name\":\"Home\",\"item\":\"https:\\\/\\\/cortelazzi.cz\\\/cs\\\/\"},{\"@type\":\"ListItem\",\"position\":2,\"name\":\"V\u00edce \u010dasu na objevov\u00e1n\u00ed autentick\u00fdch chut\u00ed It\u00e1lie: od \u0159\u00edjna otev\u0159eno tak\u00e9 v ned\u011bli v Praze\"}]},{\"@type\":\"WebSite\",\"@id\":\"https:\\\/\\\/cortelazzi.cz\\\/#website\",\"url\":\"https:\\\/\\\/cortelazzi.cz\\\/\",\"name\":\"Cortelazzi\",\"description\":\"Food service\",\"potentialAction\":[{\"@type\":\"SearchAction\",\"target\":{\"@type\":\"EntryPoint\",\"urlTemplate\":\"https:\\\/\\\/cortelazzi.cz\\\/?s={search_term_string}\"},\"query-input\":{\"@type\":\"PropertyValueSpecification\",\"valueRequired\":true,\"valueName\":\"search_term_string\"}}],\"inLanguage\":\"cs\"},{\"@type\":\"Person\",\"@id\":\"https:\\\/\\\/cortelazzi.cz\\\/#\\\/schema\\\/person\\\/55627b6d7c4bafce414646985165f0b3\",\"name\":\"creativart\",\"image\":{\"@type\":\"ImageObject\",\"inLanguage\":\"cs\",\"@id\":\"https:\\\/\\\/secure.gravatar.com\\\/avatar\\\/75acd4aacb5b25d963dbd1242c684774ca8b2d624816b849d6435b8d67df8998?s=96&d=mm&r=g\",\"url\":\"https:\\\/\\\/secure.gravatar.com\\\/avatar\\\/75acd4aacb5b25d963dbd1242c684774ca8b2d624816b849d6435b8d67df8998?s=96&d=mm&r=g\",\"contentUrl\":\"https:\\\/\\\/secure.gravatar.com\\\/avatar\\\/75acd4aacb5b25d963dbd1242c684774ca8b2d624816b849d6435b8d67df8998?s=96&d=mm&r=g\",\"caption\":\"creativart\"},\"sameAs\":[\"https:\\\/\\\/www.creativart.cloud\\\/cortelazzi\"],\"url\":\"https:\\\/\\\/cortelazzi.cz\\\/cs\\\/author\\\/creativart\\\/\"}]}<\/script>\n<!-- \/ Yoast SEO plugin. -->","yoast_head_json":{"title":"Od \u0159\u00edjna otev\u0159eno tak\u00e9 v ned\u011bli v Praze","description":"V\u00edce \u010dasu na objevov\u00e1n\u00ed autentick\u00fdch chut\u00ed It\u00e1lie: od \u0159\u00edjna otev\u0159eno tak\u00e9 v ned\u011bli v Praze","robots":{"index":"index","follow":"follow","max-snippet":"max-snippet:-1","max-image-preview":"max-image-preview:large","max-video-preview":"max-video-preview:-1"},"canonical":"https:\/\/cortelazzi.cz\/cs\/vice-casu-na-objevovani-autentickych-chuti-italie-od-rijna-otevreno-take-v-nedeli-v-praze\/","og_locale":"cs_CZ","og_type":"article","og_title":"Od \u0159\u00edjna otev\u0159eno tak\u00e9 v ned\u011bli v Praze","og_description":"V\u00edce \u010dasu na objevov\u00e1n\u00ed autentick\u00fdch chut\u00ed It\u00e1lie: od \u0159\u00edjna otev\u0159eno tak\u00e9 v ned\u011bli v Praze","og_url":"https:\/\/cortelazzi.cz\/cs\/vice-casu-na-objevovani-autentickych-chuti-italie-od-rijna-otevreno-take-v-nedeli-v-praze\/","og_site_name":"Cortelazzi","article_published_time":"2025-09-01T08:47:31+00:00","article_modified_time":"2025-11-20T09:45:02+00:00","og_image":[{"width":1067,"height":703,"url":"https:\/\/cortelazzi.cz\/wp-content\/uploads\/2025\/09\/News_Cortelazzi_Settembre_Apertura-Domenica_CZ.jpg","type":"image\/jpeg"}],"author":"creativart","twitter_card":"summary_large_image","twitter_misc":{"Napsal(a)":"creativart","Odhadovan\u00e1 doba \u010dten\u00ed":"3 minuty"},"schema":{"@context":"https:\/\/schema.org","@graph":[{"@type":"Article","@id":"https:\/\/cortelazzi.cz\/cs\/vice-casu-na-objevovani-autentickych-chuti-italie-od-rijna-otevreno-take-v-nedeli-v-praze\/#article","isPartOf":{"@id":"https:\/\/cortelazzi.cz\/cs\/vice-casu-na-objevovani-autentickych-chuti-italie-od-rijna-otevreno-take-v-nedeli-v-praze\/"},"author":{"name":"creativart","@id":"https:\/\/cortelazzi.cz\/#\/schema\/person\/55627b6d7c4bafce414646985165f0b3"},"headline":"V\u00edce \u010dasu na objevov\u00e1n\u00ed autentick\u00fdch chut\u00ed It\u00e1lie: od \u0159\u00edjna otev\u0159eno tak\u00e9 v ned\u011bli v Praze","datePublished":"2025-09-01T08:47:31+00:00","dateModified":"2025-11-20T09:45:02+00:00","mainEntityOfPage":{"@id":"https:\/\/cortelazzi.cz\/cs\/vice-casu-na-objevovani-autentickych-chuti-italie-od-rijna-otevreno-take-v-nedeli-v-praze\/"},"wordCount":509,"image":{"@id":"https:\/\/cortelazzi.cz\/cs\/vice-casu-na-objevovani-autentickych-chuti-italie-od-rijna-otevreno-take-v-nedeli-v-praze\/#primaryimage"},"thumbnailUrl":"https:\/\/cortelazzi.cz\/wp-content\/uploads\/2025\/09\/News_Cortelazzi_Settembre_Apertura-Domenica_CZ.jpg","keywords":["Italsk\u00e1 kuchyn\u011b"],"articleSection":["News"],"inLanguage":"cs"},{"@type":"WebPage","@id":"https:\/\/cortelazzi.cz\/cs\/vice-casu-na-objevovani-autentickych-chuti-italie-od-rijna-otevreno-take-v-nedeli-v-praze\/","url":"https:\/\/cortelazzi.cz\/cs\/vice-casu-na-objevovani-autentickych-chuti-italie-od-rijna-otevreno-take-v-nedeli-v-praze\/","name":"Od \u0159\u00edjna otev\u0159eno tak\u00e9 v ned\u011bli v Praze","isPartOf":{"@id":"https:\/\/cortelazzi.cz\/#website"},"primaryImageOfPage":{"@id":"https:\/\/cortelazzi.cz\/cs\/vice-casu-na-objevovani-autentickych-chuti-italie-od-rijna-otevreno-take-v-nedeli-v-praze\/#primaryimage"},"image":{"@id":"https:\/\/cortelazzi.cz\/cs\/vice-casu-na-objevovani-autentickych-chuti-italie-od-rijna-otevreno-take-v-nedeli-v-praze\/#primaryimage"},"thumbnailUrl":"https:\/\/cortelazzi.cz\/wp-content\/uploads\/2025\/09\/News_Cortelazzi_Settembre_Apertura-Domenica_CZ.jpg","datePublished":"2025-09-01T08:47:31+00:00","dateModified":"2025-11-20T09:45:02+00:00","author":{"@id":"https:\/\/cortelazzi.cz\/#\/schema\/person\/55627b6d7c4bafce414646985165f0b3"},"description":"V\u00edce \u010dasu na objevov\u00e1n\u00ed autentick\u00fdch chut\u00ed It\u00e1lie: od \u0159\u00edjna otev\u0159eno tak\u00e9 v ned\u011bli v Praze","breadcrumb":{"@id":"https:\/\/cortelazzi.cz\/cs\/vice-casu-na-objevovani-autentickych-chuti-italie-od-rijna-otevreno-take-v-nedeli-v-praze\/#breadcrumb"},"inLanguage":"cs","potentialAction":[{"@type":"ReadAction","target":["https:\/\/cortelazzi.cz\/cs\/vice-casu-na-objevovani-autentickych-chuti-italie-od-rijna-otevreno-take-v-nedeli-v-praze\/"]}]},{"@type":"ImageObject","inLanguage":"cs","@id":"https:\/\/cortelazzi.cz\/cs\/vice-casu-na-objevovani-autentickych-chuti-italie-od-rijna-otevreno-take-v-nedeli-v-praze\/#primaryimage","url":"https:\/\/cortelazzi.cz\/wp-content\/uploads\/2025\/09\/News_Cortelazzi_Settembre_Apertura-Domenica_CZ.jpg","contentUrl":"https:\/\/cortelazzi.cz\/wp-content\/uploads\/2025\/09\/News_Cortelazzi_Settembre_Apertura-Domenica_CZ.jpg","width":1067,"height":703},{"@type":"BreadcrumbList","@id":"https:\/\/cortelazzi.cz\/cs\/vice-casu-na-objevovani-autentickych-chuti-italie-od-rijna-otevreno-take-v-nedeli-v-praze\/#breadcrumb","itemListElement":[{"@type":"ListItem","position":1,"name":"Home","item":"https:\/\/cortelazzi.cz\/cs\/"},{"@type":"ListItem","position":2,"name":"V\u00edce \u010dasu na objevov\u00e1n\u00ed autentick\u00fdch chut\u00ed It\u00e1lie: od \u0159\u00edjna otev\u0159eno tak\u00e9 v ned\u011bli v Praze"}]},{"@type":"WebSite","@id":"https:\/\/cortelazzi.cz\/#website","url":"https:\/\/cortelazzi.cz\/","name":"Cortelazzi","description":"Food service","potentialAction":[{"@type":"SearchAction","target":{"@type":"EntryPoint","urlTemplate":"https:\/\/cortelazzi.cz\/?s={search_term_string}"},"query-input":{"@type":"PropertyValueSpecification","valueRequired":true,"valueName":"search_term_string"}}],"inLanguage":"cs"},{"@type":"Person","@id":"https:\/\/cortelazzi.cz\/#\/schema\/person\/55627b6d7c4bafce414646985165f0b3","name":"creativart","image":{"@type":"ImageObject","inLanguage":"cs","@id":"https:\/\/secure.gravatar.com\/avatar\/75acd4aacb5b25d963dbd1242c684774ca8b2d624816b849d6435b8d67df8998?s=96&d=mm&r=g","url":"https:\/\/secure.gravatar.com\/avatar\/75acd4aacb5b25d963dbd1242c684774ca8b2d624816b849d6435b8d67df8998?s=96&d=mm&r=g","contentUrl":"https:\/\/secure.gravatar.com\/avatar\/75acd4aacb5b25d963dbd1242c684774ca8b2d624816b849d6435b8d67df8998?s=96&d=mm&r=g","caption":"creativart"},"sameAs":["https:\/\/www.creativart.cloud\/cortelazzi"],"url":"https:\/\/cortelazzi.cz\/cs\/author\/creativart\/"}]}},"jetpack_featured_media_url":"https:\/\/cortelazzi.cz\/wp-content\/uploads\/2025\/09\/News_Cortelazzi_Settembre_Apertura-Domenica_CZ.jpg","jetpack_sharing_enabled":true,"_links":{"self":[{"href":"https:\/\/cortelazzi.cz\/cs\/wp-json\/wp\/v2\/posts\/24097","targetHints":{"allow":["GET"]}}],"collection":[{"href":"https:\/\/cortelazzi.cz\/cs\/wp-json\/wp\/v2\/posts"}],"about":[{"href":"https:\/\/cortelazzi.cz\/cs\/wp-json\/wp\/v2\/types\/post"}],"author":[{"embeddable":true,"href":"https:\/\/cortelazzi.cz\/cs\/wp-json\/wp\/v2\/users\/1"}],"replies":[{"embeddable":true,"href":"https:\/\/cortelazzi.cz\/cs\/wp-json\/wp\/v2\/comments?post=24097"}],"version-history":[{"count":2,"href":"https:\/\/cortelazzi.cz\/cs\/wp-json\/wp\/v2\/posts\/24097\/revisions"}],"predecessor-version":[{"id":25456,"href":"https:\/\/cortelazzi.cz\/cs\/wp-json\/wp\/v2\/posts\/24097\/revisions\/25456"}],"wp:featuredmedia":[{"embeddable":true,"href":"https:\/\/cortelazzi.cz\/cs\/wp-json\/wp\/v2\/media\/24441"}],"wp:attachment":[{"href":"https:\/\/cortelazzi.cz\/cs\/wp-json\/wp\/v2\/media?parent=24097"}],"wp:term":[{"taxonomy":"category","embeddable":true,"href":"https:\/\/cortelazzi.cz\/cs\/wp-json\/wp\/v2\/categories?post=24097"},{"taxonomy":"post_tag","embeddable":true,"href":"https:\/\/cortelazzi.cz\/cs\/wp-json\/wp\/v2\/tags?post=24097"}],"curies":[{"name":"wp","href":"https:\/\/api.w.org\/{rel}","templated":true}]}}